{"id":86321,"date":"2021-02-24T19:17:36","date_gmt":"2021-02-24T19:17:36","guid":{"rendered":"https:\/\/dimensionturistica.com\/es\/?p=86321"},"modified":"2021-02-24T19:17:36","modified_gmt":"2021-02-24T19:17:36","slug":"seabourn-anuncia-cancelacion-de-todos-sus-viajes-a-alaska-en-2021","status":"publish","type":"post","link":"https:\/\/dimensionturistica.com\/es\/seabourn-anuncia-cancelacion-de-todos-sus-viajes-a-alaska-en-2021\/","title":{"rendered":"Seabourn anuncia cancelaci\u00f3n de todos sus viajes a Alaska en 2021"},"content":{"rendered":"<p> <br \/>\n<\/p>\n<div style=\"margin-top:0px;\">\n<p><strong>Por Redacci\u00f3n PortalCruceros.cl<\/strong><\/p>\n<p><strong>@PortalCruceros<\/strong><\/p>\n<hr\/>\n<p style=\"text-align: justify;\"><strong><img decoding=\"async\" loading=\"lazy\" class=\"alignright  wp-image-87954\" src=\"https:\/\/dimensionturistica.com\/es\/wp-content\/uploads\/2021\/02\/Seabourn-anuncia-cancelacion-de-todos-sus-viajes-a-Alaska-en.jpg\" alt=\"\" width=\"428\" height=\"285\"\/>Seabourn<\/strong> anunci\u00f3 que como resultado de la <strong>Orden Provisional del Ministerio de Transporte de Canad\u00e1<\/strong> que cerr\u00f3 los puertos y aguas canadienses a los buques de pasajeros, la marca cancelar\u00e1 sus salidas de 2021 a Alaska y la Columbia Brit\u00e1nica.<\/p>\n<p style=\"text-align: justify;\">El anuncio de cancelaci\u00f3n se aplica a un complete de 19 viajes programados a bordo del Seabourn Odyssey en el verano de 2021 entre Vancouver, Canad\u00e1 y Juneau, Alaska, incluido un viaje por la costa del Pac\u00edfico al remaining de la temporada.<\/p>\n<p style=\"text-align: justify;\">A los hu\u00e9spedes con reservas afectadas por este anuncio se les avisa con la mayor antelaci\u00f3n posible para ofrecerles una mayor claridad sobre sus planes de viaje.<\/p>\n<p style=\"text-align: justify;\">\u201cNuestras m\u00e1s altas prioridades son el cumplimiento, la protecci\u00f3n del medio ambiente y la salud, la seguridad y el bienestar de nuestros hu\u00e9spedes, la tripulaci\u00f3n y las personas en los destinos que visitamos\u201d, dijo<strong> Josh Leibowitz, presidente de Seabourn .<\/strong><\/p>\n<p style=\"text-align: justify;\">\u201cHemos escuchado de muchos hu\u00e9spedes y est\u00e1n ansiosos por viajar, viendo que los desarrollos positivos comienzan a afianzarse que eventualmente conducir\u00e1n a nuestro regreso al servicio\u201d, a\u00f1adi\u00f3.<\/p>\n<p style=\"text-align: justify;\">Los hu\u00e9spedes con reservas de cruceros afectadas se cancelar\u00e1n autom\u00e1ticamente y se volver\u00e1n a reservar para un viaje comparable de 2022 a la tarifa pagada m\u00e1s las comodidades actuales.<\/p>\n<p style=\"text-align: justify;\">Una vez que Seabourn haya completado la transferencia de la reserva, si el hu\u00e9sped prefiere una opci\u00f3n alternativa, tambi\u00e9n puede solicitar un reembolso completo del dinero pagado a Seabourn a la forma de pago authentic o que se transfiera a una nueva reserva.<\/p>\n<p style=\"text-align: justify;\">Los hu\u00e9spedes y sus asesores de viajes recibir\u00e1n detalles espec\u00edficos aplicables a su reserva.<\/p>\n<p style=\"text-align: justify;\">Seabourn pide a los pasajeros y asesores de viajes que utilicen primero los recursos en l\u00ednea disponibles en su sitio net en lugar de llamar al name middle de reserva para obtener informaci\u00f3n sobre las cancelaciones debido a la posibilidad de un alto volumen de llamadas y la posibilidad de largos tiempos de espera en espera.<\/p>\n<hr\/>\n<p>\u00a0<\/p>\n<p><!-- AddThis Advanced Settings above via filter on the_content --><!-- AddThis Advanced Settings below via filter on the_content --><!-- AddThis Advanced Settings generic via filter on the_content -->\t\t<\/p>\n<p>\t\t <!-- banner --><br \/>\n<!--\t \n\n<div style=\"margin-top: 15px;\"><\/div>\n\n\n<a rel=\"nofollow noopener\" target=\"_blank\" href=\"https:\/\/www.linkedin.com\/company\/portalcruceros-cl\/\">\n\t<img decoding=\"async\" src=\"https:\/\/dimensionturistica.com\/es\/wp-content\/uploads\/2020\/09\/Knud-E-Hansen-disena-nuevo-crucero-de-expedicion-rompehielos.gif\" \/>\n\t<\/a> --><\/p>\n<p>\t<!-- banner end --><\/p>\n<p>\t\t <!-- notas relacionadas --><\/p>\n<hr\/>\n<div class=\"rel_posts\">\n \u00a0 \u00a0 \u00a0 \u00a0 \u00a0 \u00a0 \u00a0 \u00a0 \u00a0 \u00a0 \u00a0 \u00a0 \u00a0 \u00a0<\/p>\n<p>Sigue navegando<\/p>\n<\/p><\/div>\n<p>\t\t   <!-- fin notas relacionadas --><\/p><\/div>\n\n<p><em> &#8221; Fuentes portalcruceros.cl &#8221; <\/em><\/p>\n","protected":false},"excerpt":{"rendered":"<p>Por Redacci\u00f3n PortalCruceros.cl @PortalCruceros Seabourn anunci\u00f3 que como resultado de la Orden Provisional del Ministerio de Transporte de Canad\u00e1 que cerr\u00f3 los puertos y aguas canadienses a los buques de pasajeros, la marca cancelar\u00e1 sus salidas de 2021 a Alaska y la Columbia Brit\u00e1nica. El anuncio de cancelaci\u00f3n se aplica a un complete de 19 [&hellip;]<\/p>\n","protected":false},"author":4,"featured_media":86322,"comment_status":"open","ping_status":"closed","sticky":false,"template":"","format":"standard","meta":{"om_disable_all_campaigns":false,"jnews-multi-image_gallery":[],"jnews_single_post":[],"jnews_primary_category":[],"jnews_social_meta":[],"footnotes":""},"categories":[41],"tags":[],"class_list":["post-86321","post","type-post","status-publish","format-standard","has-post-thumbnail","hentry","category-cruceros"],"_links":{"self":[{"href":"https:\/\/dimensionturistica.com\/es\/wp-json\/wp\/v2\/posts\/86321","targetHints":{"allow":["GET"]}}],"collection":[{"href":"https:\/\/dimensionturistica.com\/es\/wp-json\/wp\/v2\/posts"}],"about":[{"href":"https:\/\/dimensionturistica.com\/es\/wp-json\/wp\/v2\/types\/post"}],"author":[{"embeddable":true,"href":"https:\/\/dimensionturistica.com\/es\/wp-json\/wp\/v2\/users\/4"}],"replies":[{"embeddable":true,"href":"https:\/\/dimensionturistica.com\/es\/wp-json\/wp\/v2\/comments?post=86321"}],"version-history":[{"count":0,"href":"https:\/\/dimensionturistica.com\/es\/wp-json\/wp\/v2\/posts\/86321\/revisions"}],"wp:featuredmedia":[{"embeddable":true,"href":"https:\/\/dimensionturistica.com\/es\/wp-json\/wp\/v2\/media\/86322"}],"wp:attachment":[{"href":"https:\/\/dimensionturistica.com\/es\/wp-json\/wp\/v2\/media?parent=86321"}],"wp:term":[{"taxonomy":"category","embeddable":true,"href":"https:\/\/dimensionturistica.com\/es\/wp-json\/wp\/v2\/categories?post=86321"},{"taxonomy":"post_tag","embeddable":true,"href":"https:\/\/dimensionturistica.com\/es\/wp-json\/wp\/v2\/tags?post=86321"}],"curies":[{"name":"wp","href":"https:\/\/api.w.org\/{rel}","templated":true}]}}