{"id":863100,"date":"2024-10-21T11:39:00","date_gmt":"2024-10-21T11:39:00","guid":{"rendered":"https:\/\/dimensionturistica.com\/es\/?p=863100"},"modified":"2024-10-21T11:39:00","modified_gmt":"2024-10-21T11:39:00","slug":"atencion-agentes-de-viajes-descubre-en-valencia-los-54-tesoros-patrimonio-mundial-de-alemania-la-muestra-estara-en-el-centro-comercial-arena-hasta-el-27-de-octubre","status":"publish","type":"post","link":"https:\/\/dimensionturistica.com\/es\/atencion-agentes-de-viajes-descubre-en-valencia-los-54-tesoros-patrimonio-mundial-de-alemania-la-muestra-estara-en-el-centro-comercial-arena-hasta-el-27-de-octubre\/","title":{"rendered":"\u00a1Atenci\u00f3n Agentes de Viajes! Descubre en Valencia los 54 tesoros Patrimonio Mundial de Alemania. La muestra estar\u00e1 en el Centro Comercial Arena hasta el 27 de octubre."},"content":{"rendered":"<p><strong>Descubre los Tesoros de Alemania en Valencia: Una Exposici\u00f3n \u00danica que No Te Puedes Perder<\/strong><\/p>\n<p>La ciudad de Valencia, conocida por su rica herencia cultural y sus vibrantes tradiciones, se convierte en el escenario perfecto para una exposici\u00f3n que celebra la grandeza de Alemania. Hasta el [fecha de finalizaci\u00f3n], el centro comercial Arena albergar\u00e1 una muestra singular que presenta 54 sitios declarados Patrimonio de la Humanidad por la UNESCO en el pa\u00eds germano. Esta es una oportunidad imperdible tanto para los amantes de la historia como para los apasionados del turismo.<\/p>\n<p>La exposici\u00f3n ofrece una ventana abierta hacia la diversidad cultural y arquitect\u00f3nica de Alemania. Desde los rom\u00e1nticos castillos de Neuschwanstein hasta los innovadores paisajes urbanos de Berl\u00edn, los visitantes podr\u00e1n maravillarse con una representaci\u00f3n visual fascinante. Las im\u00e1genes y paneles informativos ilustran lo que hace a cada uno de estos lugares excepcional, resaltando su valor hist\u00f3rico y su significado dentro del contexto europeo.<\/p>\n<p>Uno de los aspectos m\u00e1s interesantes es c\u00f3mo esta exposici\u00f3n no solo se centra en la belleza est\u00e9tica de los sitios, sino que tambi\u00e9n profundiza en las historias que los rodean. Cada uno de estos tesoros tiene su propia narrativa que refleja la evoluci\u00f3n de la sociedad alemana a lo largo de los siglos, desde la \u00e9poca del Sacro Imperio Romano Germ\u00e1nico hasta la contemporaneidad. As\u00ed, los visitantes tendr\u00e1n la oportunidad de viajar a trav\u00e9s del tiempo sin necesidad de salir de Valencia.<\/p>\n<p>Pero esta experiencia no se limita a observar; la exposici\u00f3n est\u00e1 dise\u00f1ada para involucrar y educar. Se organizan actividades interactivas que permitir\u00e1n a los asistentes profundizar en el patrimonio cultural alem\u00e1n, creando un ambiente de aprendizaje y descubrimiento. Adem\u00e1s, se llevar\u00e1n a cabo talleres y charlas sobre la importancia de la preservaci\u00f3n del patrimonio, subrayando la responsabilidad que todos compartimos en la conservaci\u00f3n de nuestro legado hist\u00f3rico.<\/p>\n<p>Alojada en el centro comercial Arena, un lugar de encuentro habitual para los valencianos, la exposici\u00f3n est\u00e1 estrat\u00e9gicamente situada para atraer tanto a locales como a turistas. La facilidad de acceso y el ambiente din\u00e1mico del centro comercial hacen que sea una visita conveniente para aquellos que buscan enriquecer su jornada de compras con un toque de cultura.<\/p>\n<p>Para los agentes de viajes, esta exhibici\u00f3n representa una oportunidad dorada para inspirar a sus clientes a explorar Alemania de una manera nueva. La exposici\u00f3n no solo muestra los tesoros patrimoniales, sino que tambi\u00e9n brinda ideas sobre c\u00f3mo planificar un viaje que incluya visitas a estos maravillosos lugares. A trav\u00e9s de paquetes tur\u00edsticos que incluyen itinerarios por los sitios de la UNESCO, los viajeros pueden experimentar de primera mano la riqueza hist\u00f3rica y cultural que Alemania tiene para ofrecer.<\/p>\n<p>En un mundo donde las conexiones culturales son m\u00e1s importantes que nunca, esta exposici\u00f3n en Valencia sirve como un puente entre dos naciones. Al ofrecer una plataforma para la educaci\u00f3n y el entendimiento, se convierte en un recordatorio de que, aunque las distancias geogr\u00e1ficas son significativas, el patrimonio y la historia pueden unirse y celebrarse en cualquier lugar.<\/p>\n<p>Si te encuentras en Valencia, no dejes pasar la oportunidad de visitar esta exposici\u00f3n. Sum\u00e9rgete en la historia de Alemania, marav\u00edllate con su patrimonio y d\u00e9jate inspirar por la belleza de sus lugares emblem\u00e1ticos. En cada imagen, cada relato, hay un fragmento de historia esperando ser descubierto, y t\u00fa puedes ser parte de esta experiencia \u00fanica que conecta corazones y culturas.<\/p>\n<p><em> &#8221; Sources gacetadelturismo.com &#8221; <\/em><\/p>\n<p><em> &#8221; Fuentes gacetadelturismo.com &#8221; <\/em><\/p>\n","protected":false},"excerpt":{"rendered":"<p>Descubre los Tesoros de Alemania en Valencia: Una Exposici\u00f3n \u00danica que No Te Puedes Perder La ciudad de Valencia, conocida por su rica herencia cultural y sus vibrantes tradiciones, se convierte en el escenario perfecto para una exposici\u00f3n que celebra la grandeza de Alemania. Hasta el [fecha de finalizaci\u00f3n], el centro comercial Arena albergar\u00e1 una [&hellip;]<\/p>\n","protected":false},"author":4,"featured_media":863101,"comment_status":"open","ping_status":"closed","sticky":false,"template":"","format":"standard","meta":{"om_disable_all_campaigns":false,"jnews-multi-image_gallery":[],"jnews_single_post":[],"jnews_primary_category":[],"jnews_social_meta":[],"footnotes":""},"categories":[39],"tags":[21191,1482,190803,662,723,9609,190804,19208,21535,544,13704,2769],"class_list":["post-863100","post","type-post","status-publish","format-standard","has-post-thumbnail","hentry","category-viajes","tag-agente-de-viajes","tag-alemania","tag-centro-comercial-arena","tag-cultura","tag-evento","tag-exposicion","tag-hasta-el-27-de-octubre","tag-patrimonio-de-la-humanidad","tag-tesoros","tag-turismo","tag-unesco","tag-valencia"],"_links":{"self":[{"href":"https:\/\/dimensionturistica.com\/es\/wp-json\/wp\/v2\/posts\/863100","targetHints":{"allow":["GET"]}}],"collection":[{"href":"https:\/\/dimensionturistica.com\/es\/wp-json\/wp\/v2\/posts"}],"about":[{"href":"https:\/\/dimensionturistica.com\/es\/wp-json\/wp\/v2\/types\/post"}],"author":[{"embeddable":true,"href":"https:\/\/dimensionturistica.com\/es\/wp-json\/wp\/v2\/users\/4"}],"replies":[{"embeddable":true,"href":"https:\/\/dimensionturistica.com\/es\/wp-json\/wp\/v2\/comments?post=863100"}],"version-history":[{"count":0,"href":"https:\/\/dimensionturistica.com\/es\/wp-json\/wp\/v2\/posts\/863100\/revisions"}],"wp:featuredmedia":[{"embeddable":true,"href":"https:\/\/dimensionturistica.com\/es\/wp-json\/wp\/v2\/media\/863101"}],"wp:attachment":[{"href":"https:\/\/dimensionturistica.com\/es\/wp-json\/wp\/v2\/media?parent=863100"}],"wp:term":[{"taxonomy":"category","embeddable":true,"href":"https:\/\/dimensionturistica.com\/es\/wp-json\/wp\/v2\/categories?post=863100"},{"taxonomy":"post_tag","embeddable":true,"href":"https:\/\/dimensionturistica.com\/es\/wp-json\/wp\/v2\/tags?post=863100"}],"curies":[{"name":"wp","href":"https:\/\/api.w.org\/{rel}","templated":true}]}}