{"id":86277,"date":"2021-02-24T17:36:48","date_gmt":"2021-02-24T17:36:48","guid":{"rendered":"https:\/\/dimensionturistica.com\/es\/?p=86277"},"modified":"2021-02-24T17:36:48","modified_gmt":"2021-02-24T17:36:48","slug":"las-esperanzas-turisticas-puestas-en-mediados-de-verano","status":"publish","type":"post","link":"https:\/\/dimensionturistica.com\/es\/las-esperanzas-turisticas-puestas-en-mediados-de-verano\/","title":{"rendered":"Las esperanzas tur\u00edsticas puestas en mediados de verano"},"content":{"rendered":"<p> <br \/>\n<\/p>\n<div>\n<p>                <span itemprop=\"articleBody\"><\/p>\n<p><img decoding=\"async\" itemprop=\"image\" src=\"https:\/\/dimensionturistica.com\/es\/wp-content\/uploads\/2021\/02\/Las-esperanzas-turisticas-puestas-en-mediados-de-verano.jpg\" alt=\"\"\/><\/p>\n<p>&#13;<\/p>\n<p><strong>El sector da pr\u00e1cticamente por perdida la Semana Santa y considera clave la buena marcha de la campa\u00f1a de vacunaci\u00f3n en Canarias<\/strong><\/p>\n<p>&#13;<br \/>\n &#13;<\/p>\n<p>\u00a0<\/p>\n<p>&#13;<\/p>\n<li class=\"texto\"><i class=\"fa fa-file-text-o\"\/>Lancelot Digital<\/li>\n<p>&#13;<\/p>\n<p>\u00a0<\/p>\n<p>&#13;<\/p>\n<p>La noticia de que Reino Unido anuncia su possible apertura de fronteras para mediados del mes de mayo, y teniendo en cuenta que el turismo ingl\u00e9s supone el 30 por ciento de la afluencia tur\u00edstica en Canarias y el 50 por ciento en Lanzarote, se da pr\u00e1cticamente por perdida la semana santa y se abren las esperanzas para mediados de verano.<\/p>\n<p>&#13;<\/p>\n<p>\u00a0<\/p>\n<p>&#13;<\/p>\n<p>Resultar\u00eda desastroso, con nefastas consecuencias para las islas, pasar otro verano sin turistas. Hay que tener en cuenta que el turismo supone el 30 por ciento de la econom\u00eda canaria de forma directa frente al diez por ciento a nivel nacional.<\/p>\n<p>&#13;<\/p>\n<p>\u00a0<\/p>\n<p>&#13;<\/p>\n<p>La situaci\u00f3n es cr\u00edtica y es basic recuperar el turismo, y para ello alcanzar buenos niveles de vacunaci\u00f3n, tal y como est\u00e1 haciendo Reino Unido, es clave. As\u00ed lo afirmaba el director ejecutivo de Meli\u00e1 Hoteles, Gabriel Juan Escarrer, en redes sociales \u201cSolo logrando una inmunidad similar a los mercados emisores de turistas ofreceremos corredores seguros y salvaremos esta temporada. Porque los grandes destinos espa\u00f1oles no resistir\u00e1n un segundo a\u00f1o sin turismo, apoyemos esta plataforma #VacunasSaludyEconomia\u201d.<\/p>\n<p>&#13;<\/p>\n<p>\u00a0<\/p>\n<p>&#13;<\/p>\n<p>Por otra parte, la temporada de cruceros podr\u00eda comenzar a retomarse con cierta timidez a mediados de marzo, tal y como anunci\u00f3 la compa\u00f1\u00eda alemana AIDA \u00a0que ya tiene fecha de vuelta para sus cruceros por las Islas Canarias. El buque AIDA Perla volver\u00e1 a operar circuitos cerrados por las Islas a partir del pr\u00f3ximo 20 de marzo.<\/p>\n<p>&#13;<\/p>\n<p>\u00a0<\/p>\n<p>&#13;<\/p>\n<p>\t&#13;<\/p>\n<p>\u00a0<\/p>\n<p>&#13;<\/p>\n<p>La naviera se vio obligada a cancelar todas sus traves\u00edas programadas entre el 6 y el 19 de marzo, debido a las restricciones de viajes que el Gobierno alem\u00e1n ha prorrogado, al menos, hasta el 7 de marzo.<\/p>\n<p>                    <\/span><\/p><\/div>\n<p><script src=\"https:\/\/connect.facebook.net\/es_ES\/all.js#xfbml=1\" type=\"text\/javascript\"><\/script><script type=\"text\/javascript\">\n\/\/<![CDATA[\n   \twindow.fbAsyncInit = function() {\n\t\tFB.init({ appId: '171342606239806', \n\t\t\tstatus: true, \n\t\t\tcookie: true,\n\t\t\txfbml: true,\n\t\t\toauth: true\n\t\t});\n   \t\t    \n\t  \t\t};\n    \/\/      \n    jQuery(window).load(function() {\n    \t(function(){\n    \t\tif(!document.getElementById('fb-root')) {\n    \t\t\tvar root = document.createElement('div');\n    \t\t\troot.id = 'fb-root';\n    \t\t\tdocument.getElementById('gkfb-root').appendChild(root);\n    \t\t\tvar e = document.createElement('script');\n    \t\t\te.src = document.location.protocol + '\/\/connect.facebook.net\/es_ES\/all.js';\n    \t\t\te.async = true;\n    \t\t\tdocument.getElementById('fb-root').appendChild(e);\n    \t\t}  \n    \t})();\n    });\n    \/\/]]>\n<\/script><br \/>\n<br \/><\/p>\n<p><em> &#8221; Fuentes www.lancelotdigital.com &#8221; <\/em><\/p>\n","protected":false},"excerpt":{"rendered":"<p>&#13; El sector da pr\u00e1cticamente por perdida la Semana Santa y considera clave la buena marcha de la campa\u00f1a de vacunaci\u00f3n en Canarias &#13; &#13; \u00a0 &#13; Lancelot Digital &#13; \u00a0 &#13; La noticia de que Reino Unido anuncia su possible apertura de fronteras para mediados del mes de mayo, y teniendo en cuenta que [&hellip;]<\/p>\n","protected":false},"author":4,"featured_media":86278,"comment_status":"open","ping_status":"closed","sticky":false,"template":"","format":"standard","meta":{"om_disable_all_campaigns":false,"jnews-multi-image_gallery":[],"jnews_single_post":[],"jnews_primary_category":[],"jnews_social_meta":[],"footnotes":""},"categories":[41],"tags":[946],"class_list":["post-86277","post","type-post","status-publish","format-standard","has-post-thumbnail","hentry","category-cruceros","tag-lancelot-digital-noticias-lanzarote-diario-digital-periodico-canarias-sucesos-deportes-cultura-vida-social-opinion-semanario-revista"],"_links":{"self":[{"href":"https:\/\/dimensionturistica.com\/es\/wp-json\/wp\/v2\/posts\/86277","targetHints":{"allow":["GET"]}}],"collection":[{"href":"https:\/\/dimensionturistica.com\/es\/wp-json\/wp\/v2\/posts"}],"about":[{"href":"https:\/\/dimensionturistica.com\/es\/wp-json\/wp\/v2\/types\/post"}],"author":[{"embeddable":true,"href":"https:\/\/dimensionturistica.com\/es\/wp-json\/wp\/v2\/users\/4"}],"replies":[{"embeddable":true,"href":"https:\/\/dimensionturistica.com\/es\/wp-json\/wp\/v2\/comments?post=86277"}],"version-history":[{"count":0,"href":"https:\/\/dimensionturistica.com\/es\/wp-json\/wp\/v2\/posts\/86277\/revisions"}],"wp:featuredmedia":[{"embeddable":true,"href":"https:\/\/dimensionturistica.com\/es\/wp-json\/wp\/v2\/media\/86278"}],"wp:attachment":[{"href":"https:\/\/dimensionturistica.com\/es\/wp-json\/wp\/v2\/media?parent=86277"}],"wp:term":[{"taxonomy":"category","embeddable":true,"href":"https:\/\/dimensionturistica.com\/es\/wp-json\/wp\/v2\/categories?post=86277"},{"taxonomy":"post_tag","embeddable":true,"href":"https:\/\/dimensionturistica.com\/es\/wp-json\/wp\/v2\/tags?post=86277"}],"curies":[{"name":"wp","href":"https:\/\/api.w.org\/{rel}","templated":true}]}}