{"id":86269,"date":"2021-02-24T17:26:20","date_gmt":"2021-02-24T17:26:20","guid":{"rendered":"https:\/\/dimensionturistica.com\/es\/?p=86269"},"modified":"2021-02-24T17:26:20","modified_gmt":"2021-02-24T17:26:20","slug":"cables-colgando-se-han-convertido-en-peligrosas-trampas","status":"publish","type":"post","link":"https:\/\/dimensionturistica.com\/es\/cables-colgando-se-han-convertido-en-peligrosas-trampas\/","title":{"rendered":"Cables colgando se han convertido en peligrosas trampas"},"content":{"rendered":"<p> <br \/>\n<\/p>\n<div>\n<p>En peligrosas guillotinas se han convertido metros y metros de cable que por toda la ciudad cuelgan de postes y \u00e1rboles.<br \/>En d\u00edas pasados C\u00e9sar circulaba en su motocicleta por el cruce de las avenidas Arcos y Agust\u00edn Y\u00e1\u00f1ez, todav\u00eda no amanec\u00eda del todo y un cable que colgaba de un poste se le ator\u00f3 de tal manera en el cuello que a punto estuvo de degollarlo. As\u00ed lo platica su pap\u00e1:<br \/>\u201cObviamente, cuando el sinti\u00f3 el jal\u00f3n de los dos cables, \u00e9l solt\u00f3 la motocicleta y se cay\u00f3. Pero si no suelta la motocicleta yo creo que s\u00ed, seguro que los mismos cables le cortan el cuello. Y eso no es ah\u00ed, sino en muchos lugares yo me he encontrado muchos cables, en muchos cruceros, en muchas colonias que as\u00ed est\u00e1n los colgaderos y es peligros\u00edsimo para motociclistas, m\u00e1s que nada, y los que andan en la noche\u201d.<br \/>C\u00e9sar tuvo que ser intervenido por un m\u00e9dico, sin embargo, ahora no sabe a qui\u00e9n responsabilizar. (Por Jos\u00e9 Luis Jim\u00e9nez Castro)<\/p>\n<p> <!--social share-->\n<\/div>\n<p><script async defer crossorigin=\"anonymous\" src=\"https:\/\/connect.facebook.net\/es_LA\/sdk.js#xfbml=1&#038;version=v7.0&#038;appId=143104535751409&#038;autoLogAppEvents=1\" nonce=\"5illxx41\"><\/script><br \/>\n<br \/><\/p>\n<p><em> &#8221; Fuentes www.notisistema.com &#8221; <\/em><\/p>\n","protected":false},"excerpt":{"rendered":"<p>En peligrosas guillotinas se han convertido metros y metros de cable que por toda la ciudad cuelgan de postes y \u00e1rboles.En d\u00edas pasados C\u00e9sar circulaba en su motocicleta por el cruce de las avenidas Arcos y Agust\u00edn Y\u00e1\u00f1ez, todav\u00eda no amanec\u00eda del todo y un cable que colgaba de un poste se le ator\u00f3 de [&hellip;]<\/p>\n","protected":false},"author":4,"featured_media":86270,"comment_status":"open","ping_status":"closed","sticky":false,"template":"","format":"standard","meta":{"om_disable_all_campaigns":false,"jnews-multi-image_gallery":[],"jnews_single_post":[],"jnews_primary_category":[],"jnews_social_meta":[],"footnotes":""},"categories":[41],"tags":[],"class_list":["post-86269","post","type-post","status-publish","format-standard","has-post-thumbnail","hentry","category-cruceros"],"_links":{"self":[{"href":"https:\/\/dimensionturistica.com\/es\/wp-json\/wp\/v2\/posts\/86269","targetHints":{"allow":["GET"]}}],"collection":[{"href":"https:\/\/dimensionturistica.com\/es\/wp-json\/wp\/v2\/posts"}],"about":[{"href":"https:\/\/dimensionturistica.com\/es\/wp-json\/wp\/v2\/types\/post"}],"author":[{"embeddable":true,"href":"https:\/\/dimensionturistica.com\/es\/wp-json\/wp\/v2\/users\/4"}],"replies":[{"embeddable":true,"href":"https:\/\/dimensionturistica.com\/es\/wp-json\/wp\/v2\/comments?post=86269"}],"version-history":[{"count":0,"href":"https:\/\/dimensionturistica.com\/es\/wp-json\/wp\/v2\/posts\/86269\/revisions"}],"wp:featuredmedia":[{"embeddable":true,"href":"https:\/\/dimensionturistica.com\/es\/wp-json\/wp\/v2\/media\/86270"}],"wp:attachment":[{"href":"https:\/\/dimensionturistica.com\/es\/wp-json\/wp\/v2\/media?parent=86269"}],"wp:term":[{"taxonomy":"category","embeddable":true,"href":"https:\/\/dimensionturistica.com\/es\/wp-json\/wp\/v2\/categories?post=86269"},{"taxonomy":"post_tag","embeddable":true,"href":"https:\/\/dimensionturistica.com\/es\/wp-json\/wp\/v2\/tags?post=86269"}],"curies":[{"name":"wp","href":"https:\/\/api.w.org\/{rel}","templated":true}]}}