{"id":861989,"date":"2024-10-18T11:47:04","date_gmt":"2024-10-18T11:47:04","guid":{"rendered":"https:\/\/dimensionturistica.com\/es\/?p=861989"},"modified":"2024-10-18T11:47:04","modified_gmt":"2024-10-18T11:47:04","slug":"el-mupam-organiza-una-charla-sobre-las-travesias-europeas-de-franz-kafka","status":"publish","type":"post","link":"https:\/\/dimensionturistica.com\/es\/el-mupam-organiza-una-charla-sobre-las-travesias-europeas-de-franz-kafka\/","title":{"rendered":"El MUPAM organiza una charla sobre las traves\u00edas europeas de Franz Kafka."},"content":{"rendered":"<p><strong>Descubriendo Europa a Trav\u00e9s de los Viajes de Franz Kafka<\/strong><\/p>\n<p>La fascinaci\u00f3n por el mundo literario tiene un poder que va m\u00e1s all\u00e1 de las p\u00e1ginas de un libro; puede transportarnos a lugares lejanos y, a menudo, provocar en nosotros el deseo de explorar esos mismos horizontes. En M\u00e1laga, un evento reciente se ha propuesto precisamente eso: resaltar los viajes que el c\u00e9lebre autor checo Franz Kafka emprendi\u00f3 por Europa, un recorrido que, aunque breve en distancia, resulta vasto en profundidad e impacto cultural.<\/p>\n<p>La conferencia celebrada en el MUPAM (Museo del Patrimonio Municipal de M\u00e1laga) no solo se centr\u00f3 en las huellas que Kafka dej\u00f3 a lo largo de sus viajes, sino que tambi\u00e9n ofreci\u00f3 una oportunidad \u00fanica para reflexionar sobre la relaci\u00f3n entre la literatura y el turismo. En un mundo cada vez m\u00e1s globalizado, donde las fronteras se desvanecen y las culturas se entrelazan, el legado de Kafka se presenta como una ventana a la comprensi\u00f3n de nuestras propias traves\u00edas.<\/p>\n<p>Franz Kafka, conocido por su estilo \u00fanico y su visi\u00f3n sombr\u00eda de la existencia, tambi\u00e9n fue un viajero \u00e1vido que se aventur\u00f3 a ciudades como Praga, Berl\u00edn y Par\u00eds. Sus descripciones v\u00edvidas de estos lugares generan en el lector una mezcla de curiosidad y melancol\u00eda, invit\u00e1ndolo a imaginar los escenarios que inspiraron sus relatos. En este evento, expertos en literatura y viajeros compartieron an\u00e1lisis sobre c\u00f3mo su obra se vio influenciada por estos viajes y, al mismo tiempo, c\u00f3mo esos mismos lugares se han transformado en puntos de inter\u00e9s para millones de turistas en la actualidad.<\/p>\n<p>Los asistentes tuvieron la oportunidad de sumergirse en la vida y los pensamientos de Kafka, explorando conexiones entre su experiencia personal como viajero y su evoluci\u00f3n como escritor. Las ciudades que Kafka visit\u00f3 no solo se convirtieron en telones de fondo de su vida, sino que tambi\u00e9n fueron campos de cultivo para su inconfundible estilo literario. Al recorrer estos lugares, uno puede sentir la atm\u00f3sfera opresiva que a menudo se refleja en sus obras, y tambi\u00e9n la potente energ\u00eda creativa que resuena en ellos.<\/p>\n<p>Un aspecto \u00fanico de esta iniciativa fue el enlace que se estableci\u00f3 entre los viajes literarios y la promesa de nuevos descubrimientos. Personalidades del \u00e1mbito cultural enfatizaron que recorrer las ciudades evocadas en la literatura puede convertirse en una experiencia transformadora. Con cada paso, los viajeros se convierten en exploradores de la narrativa, descubriendo no solo la geograf\u00eda, sino tambi\u00e9n las emociones y los dilemas que los personajes de Kafka enfrentan.<\/p>\n<p>La influencia de Kafka ha perdurado a lo largo de los a\u00f1os, y su legado literario sigue siendo un faro que gu\u00eda a nuevas generaciones de lectores y viajeros. La conferencia no solo celebr\u00f3 al escritor, sino que tambi\u00e9n inst\u00f3 a los presentes a considerar la forma en que las experiencias de viaje pueden enriquecer nuestra comprensi\u00f3n del arte y la literatura. <\/p>\n<p>Al final de esta experiencia cultural, qued\u00f3 claro que el viaje no termina en el destino, sino que se extiende m\u00e1s all\u00e1. En la bien trazada ruta de Kafka y en las inquietudes que plasm\u00f3 en sus obras, los viajeros de hoy tienen la oportunidad de seguir sus pasos, rodeados de la misma magia y complejidad que \u00e9l percibi\u00f3.<\/p>\n<p>M\u00e1laga, con su fusi\u00f3n de historia, arte y literatura, se presenta como el lugar perfecto para realizar esta reflexi\u00f3n, invitando al turismo a cruzar las fronteras de lo f\u00edsico hacia las del alma. As\u00ed, la ciudad se convierte en un nuevo punto de partida para quienes anhelan explorar no solo Europa, sino tambi\u00e9n a s\u00ed mismos a trav\u00e9s de las palabras de uno de los m\u00e1s grandes escritores del siglo XX.<\/p>\n<p><em> &#8221; Sources www.teleprensa.com &#8221; <\/em><\/p>\n<p><em> &#8221; Fuentes www.teleprensa.com &#8221; <\/em><\/p>\n","protected":false},"excerpt":{"rendered":"<p>Descubriendo Europa a Trav\u00e9s de los Viajes de Franz Kafka La fascinaci\u00f3n por el mundo literario tiene un poder que va m\u00e1s all\u00e1 de las p\u00e1ginas de un libro; puede transportarnos a lugares lejanos y, a menudo, provocar en nosotros el deseo de explorar esos mismos horizontes. En M\u00e1laga, un evento reciente se ha propuesto [&hellip;]<\/p>\n","protected":false},"author":4,"featured_media":861990,"comment_status":"open","ping_status":"closed","sticky":false,"template":"","format":"standard","meta":{"om_disable_all_campaigns":false,"jnews-multi-image_gallery":[],"jnews_single_post":[],"jnews_primary_category":[],"jnews_social_meta":[],"footnotes":""},"categories":[39],"tags":[511,190522,1653,190523,545],"class_list":["post-861989","post","type-post","status-publish","format-standard","has-post-thumbnail","hentry","category-viajes","tag-conferencia","tag-el-mupam","tag-europa","tag-franz-kafka","tag-viajes"],"_links":{"self":[{"href":"https:\/\/dimensionturistica.com\/es\/wp-json\/wp\/v2\/posts\/861989","targetHints":{"allow":["GET"]}}],"collection":[{"href":"https:\/\/dimensionturistica.com\/es\/wp-json\/wp\/v2\/posts"}],"about":[{"href":"https:\/\/dimensionturistica.com\/es\/wp-json\/wp\/v2\/types\/post"}],"author":[{"embeddable":true,"href":"https:\/\/dimensionturistica.com\/es\/wp-json\/wp\/v2\/users\/4"}],"replies":[{"embeddable":true,"href":"https:\/\/dimensionturistica.com\/es\/wp-json\/wp\/v2\/comments?post=861989"}],"version-history":[{"count":0,"href":"https:\/\/dimensionturistica.com\/es\/wp-json\/wp\/v2\/posts\/861989\/revisions"}],"wp:featuredmedia":[{"embeddable":true,"href":"https:\/\/dimensionturistica.com\/es\/wp-json\/wp\/v2\/media\/861990"}],"wp:attachment":[{"href":"https:\/\/dimensionturistica.com\/es\/wp-json\/wp\/v2\/media?parent=861989"}],"wp:term":[{"taxonomy":"category","embeddable":true,"href":"https:\/\/dimensionturistica.com\/es\/wp-json\/wp\/v2\/categories?post=861989"},{"taxonomy":"post_tag","embeddable":true,"href":"https:\/\/dimensionturistica.com\/es\/wp-json\/wp\/v2\/tags?post=861989"}],"curies":[{"name":"wp","href":"https:\/\/api.w.org\/{rel}","templated":true}]}}