{"id":86103,"date":"2021-02-24T12:07:44","date_gmt":"2021-02-24T12:07:44","guid":{"rendered":"https:\/\/dimensionturistica.com\/es\/?p=86103"},"modified":"2021-02-24T12:07:44","modified_gmt":"2021-02-24T12:07:44","slug":"regional-la-comunidad-forzada-a-evaluar-cada-semana-la-vacunacion-en-funcion-de-las-dosis-recibidas","status":"publish","type":"post","link":"https:\/\/dimensionturistica.com\/es\/regional-la-comunidad-forzada-a-evaluar-cada-semana-la-vacunacion-en-funcion-de-las-dosis-recibidas\/","title":{"rendered":"REGIONAL\/ La Comunidad, forzada a evaluar cada semana la vacunaci\u00f3n en funci\u00f3n de las dosis recibidas"},"content":{"rendered":"<p> <br \/>\n<\/p>\n<div>\n<h3>Aguado cube que, pese a la falta de dosis, vacunaci\u00f3n comienza a coger \u201cvelocidad de crucero\u201d en Madrid<\/h3>\n<p><strong>REGIONAL \/ 24 FEBRERO 2021 \/<\/strong> El vicepresidente de la Comunidad de Madrid,<strong> Ignacio Aguado,<\/strong> ha se\u00f1alado hoy que el Gobierno regional<strong> reval\u00faa cada semana el plan de vacunaci\u00f3n en funci\u00f3n de las dosis que recibe.<\/strong><\/p>\n<div class=\"notic-cocinas-rio-parrafo-2\" style=\"text-align: center; \" id=\"notic-384702166\">\n<p>-Publicidad-<\/p>\n<div style=\"margin-left: auto; margin-right: auto; text-align: center; \" id=\"notic-2097126010\"><a rel=\"nofollow noopener\" target=\"_blank\" data-bid=\"1\" href=\"https:\/\/www.noticiasparamunicipios.com\/linkout\/198875\"><\/p>\n<p style=\"text-align: center;\"><img decoding=\"async\" loading=\"lazy\" class=\"aligncenter wp-image-198876\" src=\"https:\/\/dimensionturistica.com\/es\/wp-content\/uploads\/2021\/02\/REGIONAL-La-Comunidad-forzada-a-evaluar-cada-semana-la-vacunacion.gif\" alt=\"\" width=\"300\" height=\"406\"\/><\/p>\n<p><\/a><\/div>\n<\/div>\n<p>As\u00ed lo ha se\u00f1alado en una entrevista en \u2018Antena 3\u2019, al ser preguntado por el hecho de que \u00e9l mismo hablase sobre el retraso de la <strong>vacunaci\u00f3n de mayores de 80 a\u00f1os<\/strong> y, posteriormente, la consejer\u00eda de Sanidad anunciase que se adelantaba a este jueves.<\/p>\n<p>Aguado ha incidido en que, \u201cpoco a poco\u201d, la vacunaci\u00f3n <strong>comienza a coger \u201cvelocidad de crucero\u201d<\/strong> en la regi\u00f3n a pesar de que todav\u00eda faltan \u201cmuchas dosis semanales por llegar\u201d. En este sentido, ha se\u00f1alado que se est\u00e1<strong> \u201ca a\u00f1os luz\u201d<\/strong> de alcanzar la promesa del presidente del Gobierno, Pedro S\u00e1nchez, de que <strong>est\u00e9 vacunado el 70% de la poblaci\u00f3n en verano.<\/strong><\/p>\n<div class=\"notic-aleatorio-telegram\" style=\"text-align: center; \" id=\"notic-832464576\">\n<p>-Publicidad-<\/p>\n<div style=\"margin-left: auto; margin-right: auto; text-align: center; \" id=\"notic-743919424\"><a rel=\"nofollow noopener\" target=\"_blank\" data-bid=\"1\" href=\"https:\/\/www.noticiasparamunicipios.com\/linkout\/250745\"><\/p>\n<p><img decoding=\"async\" loading=\"lazy\" class=\"aligncenter wp-image-250747\" src=\"https:\/\/dimensionturistica.com\/es\/wp-content\/uploads\/2021\/02\/1614168463_940_REGIONAL-La-Comunidad-forzada-a-evaluar-cada-semana-la-vacunacion.gif\" alt=\"\" width=\"300\" height=\"450\"\/><\/p>\n<p><\/a><\/div>\n<\/div>\n<figure id=\"attachment_252129\" aria-describedby=\"caption-attachment-252129\" style=\"width: 696px\" class=\"wp-caption alignnone\"><img decoding=\"async\" loading=\"lazy\" class=\"size-large wp-image-252129\" src=\"https:\/\/dimensionturistica.com\/es\/wp-content\/uploads\/2021\/02\/REGIONAL-La-Comunidad-forzada-a-evaluar-cada-semana-la-vacunacion.jpeg\" alt=\"\" width=\"696\" height=\"460\"  \/><figcaption id=\"caption-attachment-252129\" class=\"wp-caption-text\">Isabel D\u00edaz Ayuso y el consejero Enrique Ruiz Escudero (der.), ayer en la vacunaci\u00f3n en el Zendal.<\/figcaption><\/figure>\n<p>\u201cNo porque falten manos precisamente, si no <strong>porque faltan dosis<\/strong>. Ahora estamos recibiendo en torno a 100.000 vacunas a la semana, lo cual es una cantidad sensiblemente superior a lo que recib\u00edamos hace unos d\u00edas pero desde luego no es suficiente\u201d, ha trasladado.<\/p>\n<p>Con estos, se ha conseguido vacunar pr\u00e1cticamente al 100% de los mayores de residencias y al private sanitarios. Ayer mismo empezaron con la vacunaci\u00f3n en el Hospital Isabel Zendal a otros colectivos esenciales y ma\u00f1ana se les suministrar\u00e1 a mayores de 80 a\u00f1os, Fuerzas y Cuerpos de Seguridad del Estado y Bomberos, entre otros.<\/p>\n<p><!-- AddThis Advanced Settings above via filter on the_content --><!-- AddThis Advanced Settings below via filter on the_content --><!-- AddThis Advanced Settings generic via filter on the_content --><!-- AddThis Share Buttons above via filter on the_content --><!-- AddThis Share Buttons below via filter on the_content --><!-- AddThis Share Buttons generic via filter on the_content --><!-- AddThis Related Posts below via filter on the_content --><!-- AddThis Related Posts generic via filter on the_content -->    <\/div>\n\n<p><em> &#8221; Fuentes www.noticiasparamunicipios.com &#8221; <\/em><\/p>\n","protected":false},"excerpt":{"rendered":"<p>Aguado cube que, pese a la falta de dosis, vacunaci\u00f3n comienza a coger \u201cvelocidad de crucero\u201d en Madrid REGIONAL \/ 24 FEBRERO 2021 \/ El vicepresidente de la Comunidad de Madrid, Ignacio Aguado, ha se\u00f1alado hoy que el Gobierno regional reval\u00faa cada semana el plan de vacunaci\u00f3n en funci\u00f3n de las dosis que recibe. -Publicidad- [&hellip;]<\/p>\n","protected":false},"author":4,"featured_media":86104,"comment_status":"open","ping_status":"closed","sticky":false,"template":"","format":"standard","meta":{"om_disable_all_campaigns":false,"jnews-multi-image_gallery":[],"jnews_single_post":[],"jnews_primary_category":[],"jnews_social_meta":[],"footnotes":""},"categories":[41],"tags":[],"class_list":["post-86103","post","type-post","status-publish","format-standard","has-post-thumbnail","hentry","category-cruceros"],"_links":{"self":[{"href":"https:\/\/dimensionturistica.com\/es\/wp-json\/wp\/v2\/posts\/86103","targetHints":{"allow":["GET"]}}],"collection":[{"href":"https:\/\/dimensionturistica.com\/es\/wp-json\/wp\/v2\/posts"}],"about":[{"href":"https:\/\/dimensionturistica.com\/es\/wp-json\/wp\/v2\/types\/post"}],"author":[{"embeddable":true,"href":"https:\/\/dimensionturistica.com\/es\/wp-json\/wp\/v2\/users\/4"}],"replies":[{"embeddable":true,"href":"https:\/\/dimensionturistica.com\/es\/wp-json\/wp\/v2\/comments?post=86103"}],"version-history":[{"count":0,"href":"https:\/\/dimensionturistica.com\/es\/wp-json\/wp\/v2\/posts\/86103\/revisions"}],"wp:featuredmedia":[{"embeddable":true,"href":"https:\/\/dimensionturistica.com\/es\/wp-json\/wp\/v2\/media\/86104"}],"wp:attachment":[{"href":"https:\/\/dimensionturistica.com\/es\/wp-json\/wp\/v2\/media?parent=86103"}],"wp:term":[{"taxonomy":"category","embeddable":true,"href":"https:\/\/dimensionturistica.com\/es\/wp-json\/wp\/v2\/categories?post=86103"},{"taxonomy":"post_tag","embeddable":true,"href":"https:\/\/dimensionturistica.com\/es\/wp-json\/wp\/v2\/tags?post=86103"}],"curies":[{"name":"wp","href":"https:\/\/api.w.org\/{rel}","templated":true}]}}