{"id":86077,"date":"2021-02-24T11:44:35","date_gmt":"2021-02-24T11:44:35","guid":{"rendered":"https:\/\/dimensionturistica.com\/es\/?p=86077"},"modified":"2021-02-24T11:44:35","modified_gmt":"2021-02-24T11:44:35","slug":"urbanero-atropella-a-una-persona-en-el-crucero-de-cinco-senores","status":"publish","type":"post","link":"https:\/\/dimensionturistica.com\/es\/urbanero-atropella-a-una-persona-en-el-crucero-de-cinco-senores\/","title":{"rendered":"Urbanero atropella a una persona en el crucero de Cinco Se\u00f1ores"},"content":{"rendered":"<p> <br \/>\n<\/p>\n<div id=\"content\">\n<div class=\"\">\n                                     \t\t\t\t\t\t\t\t\t \t<!-- \/227134889\/imp_1x1_single --><\/p>\n<p><span style=\"font-weight: 400;\">Un hombre qued\u00f3 lesionado en distintas partes del cuerpo, luego ser atropellado por el conductor de un cami\u00f3n del trasporte urbano en el crucero de la agencia de Cinco Se\u00f1ores.<\/span><\/p>\n<p><span style=\"font-weight: 400;\">Se trata de Ezequiel A.M., de 32 de a\u00f1os de edad, vecino de San Juan Guelavia, quien ayer minutos despu\u00e9s del mediod\u00eda fue atropellado por el chofer de un cami\u00f3n de pasaje.<\/span><\/p>\n<p><span style=\"font-weight: 400;\">El hombre tras el percance qued\u00f3 derribado en la v\u00eda p\u00fablica, sobre el carril que va de avenida Ferrocarril hacia Cinco Se\u00f1ores, presentando severas lesiones en distintas partes del cuerpo.<\/span><\/p>\n<p><span style=\"font-weight: 400;\">Al lugar arrib\u00f3 private del Heroico Cuerpo de Bomberos (HCB), para auxiliarlo a la v\u00edctima y al ser valorada se percataron que presentaba possible fractura en tibia y peron\u00e9 del lado derecho, as\u00ed como possible fractura y una herida penetrante en el tobillo izquierdo.<\/span><\/p>\n<p><span style=\"font-weight: 400;\">Seg\u00fan reportes, el hombre fue atropellado por el conductor de un cami\u00f3n Marco Polo, Mercedes Benz, de la l\u00ednea Servicio de Transportaci\u00f3n Specific Antequera (SERTEXA), con placas de circulaci\u00f3n 366366-S del estado de Oaxaca.<\/span><\/p>\n<p><img decoding=\"async\" loading=\"lazy\" class=\"alignnone wp-image-510105 size-full\" src=\"https:\/\/dimensionturistica.com\/es\/wp-content\/uploads\/2021\/02\/Urbanero-atropella-a-una-persona-en-el-crucero-de-Cinco.jpg\" alt=\"\" width=\"1280\" height=\"640\"  \/><\/p>\n<p><span style=\"font-weight: 400;\">El cami\u00f3n involucrado period conducido por un hombre identificado como Julio C\u00e9sar, de 32 a\u00f1os de edad, vecino de la colonia Monte Alb\u00e1n, San Mart\u00edn Mexic\u00e1pam.<\/span><\/p>\n<p><span style=\"font-weight: 400;\">El hombre lesionado fue trasladado de emergencia a un nosocomio en la capital del estado para su recuperaci\u00f3n, en tanto la unidad involucrada fue asegurada y llevada en calidad de resguardo a un encierro oficial, para deslindar responsabilidades y determinar la situaci\u00f3n authorized del conductor.<\/span><\/p>\n<p><span style=\"font-weight: 400;\">La zona del percance fue resguardada por elementos de vialidad estatal que llevaron a cabo las diligencias correspondientes en torno al caso.<\/span><\/p>\n<p><span style=\"font-weight: 400;\">Cabe se\u00f1alar que seg\u00fan reportes del Secretariado Ejecutivo del Sistema Nacional de Seguridad Publica, tan s\u00f3lo en enero del 2021 fueron denunciados 60 casos de lesiones culposas por hechos de tr\u00e1nsito, entre los casos se hallan involucrados varios choferes de camiones del transporte urbano.<\/span><\/p>\n<p><!-- AI CONTENT END 1 -->\n                                                                          <\/div>\n<p>\u00a0<\/p>\n<p>        <!-- \/227134889\/video_1x1 --><\/p><\/div>\n<p><script>(function(d, s, id) {\n      var js, fjs = d.getElementsByTagName(s)[0];\n      if (d.getElementById(id)) return;\n      js = d.createElement(s); js.id = id;\n      js.src = \"https:\/\/connect.facebook.net\/es_ES\/sdk.js#xfbml=1&version=v2.9&appId=130988260805150\";\n      fjs.parentNode.insertBefore(js, fjs);\n    }(document, 'script', 'facebook-jssdk'));<\/script><br \/>\n<br \/><\/p>\n<p><em> &#8221; Fuentes imparcialoaxaca.mx &#8221; <\/em><\/p>\n","protected":false},"excerpt":{"rendered":"<p>Un hombre qued\u00f3 lesionado en distintas partes del cuerpo, luego ser atropellado por el conductor de un cami\u00f3n del trasporte urbano en el crucero de la agencia de Cinco Se\u00f1ores. Se trata de Ezequiel A.M., de 32 de a\u00f1os de edad, vecino de San Juan Guelavia, quien ayer minutos despu\u00e9s del mediod\u00eda fue atropellado por [&hellip;]<\/p>\n","protected":false},"author":4,"featured_media":86078,"comment_status":"open","ping_status":"closed","sticky":false,"template":"","format":"standard","meta":{"om_disable_all_campaigns":false,"jnews-multi-image_gallery":[],"jnews_single_post":[],"jnews_primary_category":[],"jnews_social_meta":[],"footnotes":""},"categories":[41],"tags":[],"class_list":["post-86077","post","type-post","status-publish","format-standard","has-post-thumbnail","hentry","category-cruceros"],"_links":{"self":[{"href":"https:\/\/dimensionturistica.com\/es\/wp-json\/wp\/v2\/posts\/86077","targetHints":{"allow":["GET"]}}],"collection":[{"href":"https:\/\/dimensionturistica.com\/es\/wp-json\/wp\/v2\/posts"}],"about":[{"href":"https:\/\/dimensionturistica.com\/es\/wp-json\/wp\/v2\/types\/post"}],"author":[{"embeddable":true,"href":"https:\/\/dimensionturistica.com\/es\/wp-json\/wp\/v2\/users\/4"}],"replies":[{"embeddable":true,"href":"https:\/\/dimensionturistica.com\/es\/wp-json\/wp\/v2\/comments?post=86077"}],"version-history":[{"count":0,"href":"https:\/\/dimensionturistica.com\/es\/wp-json\/wp\/v2\/posts\/86077\/revisions"}],"wp:featuredmedia":[{"embeddable":true,"href":"https:\/\/dimensionturistica.com\/es\/wp-json\/wp\/v2\/media\/86078"}],"wp:attachment":[{"href":"https:\/\/dimensionturistica.com\/es\/wp-json\/wp\/v2\/media?parent=86077"}],"wp:term":[{"taxonomy":"category","embeddable":true,"href":"https:\/\/dimensionturistica.com\/es\/wp-json\/wp\/v2\/categories?post=86077"},{"taxonomy":"post_tag","embeddable":true,"href":"https:\/\/dimensionturistica.com\/es\/wp-json\/wp\/v2\/tags?post=86077"}],"curies":[{"name":"wp","href":"https:\/\/api.w.org\/{rel}","templated":true}]}}