{"id":86011,"date":"2021-02-24T09:30:10","date_gmt":"2021-02-24T09:30:10","guid":{"rendered":"https:\/\/dimensionturistica.com\/es\/?p=86011"},"modified":"2021-02-24T09:30:10","modified_gmt":"2021-02-24T09:30:10","slug":"ignacio-aguado-avanza-los-proximos-colectivos-que-recibiran-la-vacuna-del-coronavirus","status":"publish","type":"post","link":"https:\/\/dimensionturistica.com\/es\/ignacio-aguado-avanza-los-proximos-colectivos-que-recibiran-la-vacuna-del-coronavirus\/","title":{"rendered":"Ignacio Aguado avanza los pr\u00f3ximos colectivos que recibir\u00e1n la vacuna del coronavirus"},"content":{"rendered":"<p> <br \/>\n<\/p>\n<div id=\"intext\">\n<p>Cree <b>Ignacio Aguado<\/b> que &#8220;en todos los saraos donde se cuestiona la democracia y haya crispaci\u00f3n siempre est\u00e1 <b>Podemos<\/b>&#8220;. Cree que <a rel=\"nofollow noopener\" target=\"_blank\" title=\"Podemos quiere crispar con los desaires al Rey\" href=\"https:\/\/www.antena3.com\/noticias\/espana\/psoe-desmarca-podemos-rechaza-eliminar-inviolabilidad-rey-juan-carlos-congreso_20210223603550fec092770001dd279b.html\">Podemos quiere crispar con los desaires al Rey<\/a> que mantuvo en el aniversario del 23-F. &#8220;Quieren generar dudas y sembrar discordia para cuestionar la propia esencia de la democracia&#8221;, se\u00f1ala.<\/p>\n<p><b>&#8220;El centro pol\u00edtico existe y est\u00e1 representado por Ciudadanos&#8221;<\/b><\/p>\n<p>Mantiene su confianza en el <a rel=\"nofollow noopener\" target=\"_blank\" title=\"liderazgo de In\u00e9s Arrimadas en Ciudadanos\" href=\"https:\/\/www.antena3.com\/noticias\/espana\/ines-arrimadas-cree-que-malos-resultados-ciudadanos-elecciones-catalanas-deben-que-han-sabido-ilusionar_20210216602bc74d1373f60001ae7f8c.html\">liderazgo de In\u00e9s Arrimadas en Ciudadanos<\/a>. Sobre los rumores de una posible fusi\u00f3n con el PP, considera que &#8220;hay maniobras en el PP para desviar el foco de sus malos resultados en Catalu\u00f1a, pero el centro pol\u00edtico existe y est\u00e1 representado por Ciudadanos&#8221;. &#8220;El <b>centro pol\u00edtico hay que protegerlo<\/b> entre todos y permite que no haya crispaci\u00f3n. Ese papel lo representa estos d\u00edas Ciudadanos&#8221;, mantiene.<\/p>\n<p>Sobre la <a rel=\"nofollow noopener\" target=\"_blank\" title=\"campa\u00f1a de vacunaci\u00f3n de coronavirus\" href=\"https:\/\/www.antena3.com\/programas\/espejo-publico\/noticias\/el-ritmo-de-vacunacion-se-acelera-en-espana-pero-tan-solo-se-ha-inmunizado-al-5-de-la-poblacion_20210219602f9ec7ec8b8d000105b7c9.html\">campa\u00f1a de vacunaci\u00f3n de coronavirus<\/a> en Madrid, apunta que empieza a coger velocidad de crucero. &#8220;A\u00fan faltan dosis, se reciben en torno a 100.000 vacunas a la semana pero no es suficiente&#8221;. <\/p>\n<p>Expone que actualmente e<b>st\u00e1n vacunados pr\u00e1cticamente el 100% de residentes <\/b>y sanitarios. Est\u00e1 previsto que los <b>pr\u00f3ximos colectivos en recibir la vacuna<\/b> ser\u00e1n los mayores de 80 a\u00f1os, las fuerzas y cuerpos de seguridad del estado y los bomberos.<\/p>\n<p>Cada semana la Consejer\u00eda de Sanidad reval\u00faa los planes en funci\u00f3n de las dosis que se reciben. Explica que si hay una <a rel=\"nofollow noopener\" target=\"_blank\" title=\"reducci\u00f3n de vacunas de AstraZeneca\" href=\"https:\/\/www.antena3.com\/noticias\/mundo\/astrazeneca-entregara-la-mitad-de-las-dosis-de-la-vacuna-pactada-con-la-ue-para-el-segundo-trimestre_202102246036083cec8b8d00010d20f7.html\">reducci\u00f3n de vacunas de AstraZeneca<\/a> hay que volver a daily a los colectivos de vacunaci\u00f3n. <\/p>\n<p>Pone de manifiesto que en Madrid la tasa de incidencia de contagiados est\u00e1 bajando r\u00e1pido aunque sigue muy alta. Lanza un mensaje de precauci\u00f3n para que no se relajen las medidas &#8220;porque <b>cuando se le pierde el miedo al virus la curva vuelve a subir<\/b> y nos plantar\u00edamos en una cuarta ola&#8221;.<\/p>\n<p>Puedes volver a ver la entrevista completa a Ignacio Aguado sobre la campa\u00f1a de vacunaci\u00f3n en Madrid, en <b>ATRESPLAYER.<\/b><\/p>\n<\/p><\/div>\n\n<p><em> &#8221; Fuentes www.antena3.com &#8221; <\/em><\/p>\n","protected":false},"excerpt":{"rendered":"<p>Cree Ignacio Aguado que &#8220;en todos los saraos donde se cuestiona la democracia y haya crispaci\u00f3n siempre est\u00e1 Podemos&#8220;. Cree que Podemos quiere crispar con los desaires al Rey que mantuvo en el aniversario del 23-F. &#8220;Quieren generar dudas y sembrar discordia para cuestionar la propia esencia de la democracia&#8221;, se\u00f1ala. &#8220;El centro pol\u00edtico existe [&hellip;]<\/p>\n","protected":false},"author":4,"featured_media":86012,"comment_status":"open","ping_status":"closed","sticky":false,"template":"","format":"standard","meta":{"om_disable_all_campaigns":false,"jnews-multi-image_gallery":[],"jnews_single_post":[],"jnews_primary_category":[],"jnews_social_meta":[],"footnotes":""},"categories":[41],"tags":[],"class_list":["post-86011","post","type-post","status-publish","format-standard","has-post-thumbnail","hentry","category-cruceros"],"_links":{"self":[{"href":"https:\/\/dimensionturistica.com\/es\/wp-json\/wp\/v2\/posts\/86011","targetHints":{"allow":["GET"]}}],"collection":[{"href":"https:\/\/dimensionturistica.com\/es\/wp-json\/wp\/v2\/posts"}],"about":[{"href":"https:\/\/dimensionturistica.com\/es\/wp-json\/wp\/v2\/types\/post"}],"author":[{"embeddable":true,"href":"https:\/\/dimensionturistica.com\/es\/wp-json\/wp\/v2\/users\/4"}],"replies":[{"embeddable":true,"href":"https:\/\/dimensionturistica.com\/es\/wp-json\/wp\/v2\/comments?post=86011"}],"version-history":[{"count":0,"href":"https:\/\/dimensionturistica.com\/es\/wp-json\/wp\/v2\/posts\/86011\/revisions"}],"wp:featuredmedia":[{"embeddable":true,"href":"https:\/\/dimensionturistica.com\/es\/wp-json\/wp\/v2\/media\/86012"}],"wp:attachment":[{"href":"https:\/\/dimensionturistica.com\/es\/wp-json\/wp\/v2\/media?parent=86011"}],"wp:term":[{"taxonomy":"category","embeddable":true,"href":"https:\/\/dimensionturistica.com\/es\/wp-json\/wp\/v2\/categories?post=86011"},{"taxonomy":"post_tag","embeddable":true,"href":"https:\/\/dimensionturistica.com\/es\/wp-json\/wp\/v2\/tags?post=86011"}],"curies":[{"name":"wp","href":"https:\/\/api.w.org\/{rel}","templated":true}]}}