{"id":85906,"date":"2021-02-24T03:00:16","date_gmt":"2021-02-24T03:00:16","guid":{"rendered":"https:\/\/dimensionturistica.com\/es\/?p=85906"},"modified":"2021-02-24T03:00:16","modified_gmt":"2021-02-24T03:00:16","slug":"azotan-pandemia-y-tormenta-invernal-al-turismo-baja-la-afluencia-en-mazatlan-riodoce","status":"publish","type":"post","link":"https:\/\/dimensionturistica.com\/es\/azotan-pandemia-y-tormenta-invernal-al-turismo-baja-la-afluencia-en-mazatlan-riodoce\/","title":{"rendered":"Azotan pandemia y tormenta invernal al turismo; baja la afluencia en Mazatl\u00e1n \u2013 R\u00edodoce"},"content":{"rendered":"<p> <br \/>\n<\/p>\n<div>\n<p>La cancelaci\u00f3n de vuelos de Canad\u00e1 a M\u00e9xico a causa de la pandemia y luego la tormenta invernal que prohibi\u00f3 a los turistas salir de Estados Unidos, son factores que se sumaron a la baja afluencia de turistas extranjeros en el pa\u00eds.<\/p>\n<p>Mazatl\u00e1n no est\u00e1 exento, la Asociaci\u00f3n de Turistas Rafael Buelna, que preside Fernando Tirado D\u00edaz, tiene a sus agremiados desempe\u00f1ando otras actividades para poder contar con ingresos.<\/p>\n<p>\u201cDesde la influenza (2009) para ac\u00e1 que se vieron las primeras restricciones, muchos gu\u00edas empezaron a ver otras alternativas\u201d, explic\u00f3.<\/p>\n<p>En abril de 2020, el coronavirus oblig\u00f3 a las navieras a parar todos los cruceros.<\/p>\n<p>Ahora en 2021 tienen la expectativa de que en abril podr\u00eda llegar el crucero Disneyland, pues las reservaciones que hicieron el a\u00f1o pasado no han sido canceladas.<\/p>\n<p>En tanto, ten\u00edan la esperanza de que la llegada de canadienses que anualmente visitan Mazatl\u00e1n huyendo del fr\u00edo, les ayudara a sobrellevar la temporada baja, pero no fue as\u00ed.<\/p>\n<p>Tirado D\u00edaz dijo que la otra opci\u00f3n eran las comunidades de pescadores que de Estados Unidos llegan al puerto v\u00eda a\u00e9rea solicitando el servicio de los gu\u00edas, para ir a las presas del sur de Sinaloa, pero las nevadas impidieron este arribo.<\/p>\n<p>\u201cLa asociaci\u00f3n se ha hecho de mayoristas que en este caso la que ha sido m\u00e1s solidaria siempre es la de americanos que viajan para pescar en las presas, como la Picachos, la de El Salto y la de Comedero, son las que est\u00e1n cerca de Mazatl\u00e1n; el americano viene y hay un movimiento por semana de unos diez a seis carros que dan el servicio\u201d, dijo.<\/p>\n<p>Certificados por la Secretar\u00eda de Turismo, la de Transportes y ahora por la de salud, Tirado D\u00edaz reiter\u00f3 que la cancelaci\u00f3n de vuelos y las nevadas en Estados Unidos, los arruin\u00f3.<\/p>\n<p>\u201cNos dejaron en la ruina, apenas estaban empezando a venir, ya se ve\u00eda un repunte, y cancelaron las reservaciones, ya sab\u00edamos que algo as\u00ed podr\u00eda pasar porque as\u00ed es esto, pero no pensamos que no iban a venir definitivamente\u201d, dijo.<\/p>\n<p>Toda esta semana, no ha llegado la gente, \u201clunes, mi\u00e9rcoles y ma\u00f1ana viernes, se esperaba gente y pues no lleg\u00f3 porque no pueden salir los vuelos de Estados Unidos que es donde est\u00e1 la mayor parte de los pescadores\u201d, detall\u00f3.<\/p>\n<p>A cuenta gotas alcanzaron a llegar algunos clientes que ya fueron vacunados y que como cada temporada alcanzaron a llegar, por lo que se prev\u00e9 que conforme avance la vacunaci\u00f3n y el mal clima ceda, el arribo de turistas extranjeros se incremente un poco, y que en abril se reactive con la llegada del primer crucero.<\/p>\n<p><em>\u2013Siendo realistas, \u00bfno tienen en mente la posible cancelaci\u00f3n del crucero Disneyland en abril?<\/em><\/p>\n<p>\u2013No porque en algunas conversaciones que ha habido con agentes navieros, nos han dicho que en un par de meses, y esa pl\u00e1tica la tuvimos la semana pasada, de antemano algunos cruceros ya est\u00e1n yendo para el lado del caribe.<\/p>\n<p>Esperan que no lleguen llenos, tal vez en un 50 por ciento de su capacidad por respeto a los protocolos.<\/p>\n<p>\u00a0<\/p>\n<p><strong>No hay cruceros en abril: Arturo Musi<\/strong><\/p>\n<p>La llegada del crucero Disneyland a Mazatl\u00e1n no ser\u00e1 en abril, se pospone para agosto o septiembre, inform\u00f3 Arturo Musi, presidente de la Asociaci\u00f3n Mexicana para la Atenci\u00f3n de Cruceros Tur\u00edsticos (Amepact).<\/p>\n<p>\u201cAhorita todav\u00eda no nos dijo fecha, nada m\u00e1s lo que s\u00ed nos dijo, por lo pronto, las que tuvieran reservaciones, las pospusi\u00e9ramos, entonces, no tenemos todav\u00eda fecha y as\u00ed son todas las navieras por todo el mundo\u201d, explic\u00f3.<\/p>\n<p>Ante las reservaciones que les aparecen vigentes a los gu\u00edas de turistas, Arturo Musi explic\u00f3 que las navieras las dejan en el sistema y despu\u00e9s se hacen los ajustes con las reprogramaciones.<\/p>\n<p>\u201cEn todos lados, los vuelos internacionales se nos vinieron abajo, m\u00e1s que nada que en estas fecha es cuando ten\u00edamos much\u00edsimos a todos los que huyen del fr\u00edo, de Estados Unidos, eran nuestros clientes potenciales en nuestros puertos para nuestras playas, pero en este a\u00f1o, por un lado la pandemia, por otro lo de Canad\u00e1 que era excelente, ten\u00edamos un grupo grande de canadienses, tambi\u00e9n se detuvo, no es nada alentador, esta temporada no la vamos a tener fuerte\u201d, lament\u00f3.<br \/>Los destinos tur\u00edsticos se est\u00e1n manteniendo con el turismo nacional, dijo.<\/p>\n<p><em>\u2013El turismo carretero principalmente, o v\u00eda a\u00e9rea?<\/em><\/p>\n<p>-S\u00ed, la a\u00e9rea tambi\u00e9n en un porcentaje mucho menor, pero s\u00ed est\u00e1 llegando a Vallarta, Mazatl\u00e1n, Los Cabos \u2026est\u00e1 llegando mucho turismo nacional.<\/p>\n<p>Agreg\u00f3 que es muy pronto para hacer un steadiness de las p\u00e9rdidas que la cancelaci\u00f3n de vuelos de Canad\u00e1 y nevadas de Estados Unidos han dejado en el sector tur\u00edstico toda vez que se est\u00e1 a la mitad de la temporada, pero en dos meses s\u00ed se podr\u00e1 calcular cu\u00e1nto se perdi\u00f3 comparado con el a\u00f1o anterior.<\/p>\n<\/div>\n\n<p><em> &#8221; Fuentes riodoce.mx &#8221; <\/em><\/p>\n","protected":false},"excerpt":{"rendered":"<p>La cancelaci\u00f3n de vuelos de Canad\u00e1 a M\u00e9xico a causa de la pandemia y luego la tormenta invernal que prohibi\u00f3 a los turistas salir de Estados Unidos, son factores que se sumaron a la baja afluencia de turistas extranjeros en el pa\u00eds. Mazatl\u00e1n no est\u00e1 exento, la Asociaci\u00f3n de Turistas Rafael Buelna, que preside Fernando [&hellip;]<\/p>\n","protected":false},"author":4,"featured_media":85907,"comment_status":"open","ping_status":"closed","sticky":false,"template":"","format":"standard","meta":{"om_disable_all_campaigns":false,"jnews-multi-image_gallery":[],"jnews_single_post":[],"jnews_primary_category":[],"jnews_social_meta":[],"footnotes":""},"categories":[41],"tags":[],"class_list":["post-85906","post","type-post","status-publish","format-standard","has-post-thumbnail","hentry","category-cruceros"],"_links":{"self":[{"href":"https:\/\/dimensionturistica.com\/es\/wp-json\/wp\/v2\/posts\/85906","targetHints":{"allow":["GET"]}}],"collection":[{"href":"https:\/\/dimensionturistica.com\/es\/wp-json\/wp\/v2\/posts"}],"about":[{"href":"https:\/\/dimensionturistica.com\/es\/wp-json\/wp\/v2\/types\/post"}],"author":[{"embeddable":true,"href":"https:\/\/dimensionturistica.com\/es\/wp-json\/wp\/v2\/users\/4"}],"replies":[{"embeddable":true,"href":"https:\/\/dimensionturistica.com\/es\/wp-json\/wp\/v2\/comments?post=85906"}],"version-history":[{"count":0,"href":"https:\/\/dimensionturistica.com\/es\/wp-json\/wp\/v2\/posts\/85906\/revisions"}],"wp:featuredmedia":[{"embeddable":true,"href":"https:\/\/dimensionturistica.com\/es\/wp-json\/wp\/v2\/media\/85907"}],"wp:attachment":[{"href":"https:\/\/dimensionturistica.com\/es\/wp-json\/wp\/v2\/media?parent=85906"}],"wp:term":[{"taxonomy":"category","embeddable":true,"href":"https:\/\/dimensionturistica.com\/es\/wp-json\/wp\/v2\/categories?post=85906"},{"taxonomy":"post_tag","embeddable":true,"href":"https:\/\/dimensionturistica.com\/es\/wp-json\/wp\/v2\/tags?post=85906"}],"curies":[{"name":"wp","href":"https:\/\/api.w.org\/{rel}","templated":true}]}}