{"id":85859,"date":"2021-02-24T00:56:34","date_gmt":"2021-02-24T00:56:34","guid":{"rendered":"https:\/\/dimensionturistica.com\/es\/?p=85859"},"modified":"2021-02-24T00:56:34","modified_gmt":"2021-02-24T00:56:34","slug":"sanidad-augura-una-velocidad-de-crucero-en-la-vacunacion-con-la-remesa-adicional-de-pfizer-canarias","status":"publish","type":"post","link":"https:\/\/dimensionturistica.com\/es\/sanidad-augura-una-velocidad-de-crucero-en-la-vacunacion-con-la-remesa-adicional-de-pfizer-canarias\/","title":{"rendered":"Sanidad augura una velocidad de crucero en la vacunaci\u00f3n con la remesa adicional de Pfizer | Canarias"},"content":{"rendered":"<p> <br \/>\n<\/p>\n<div>\n<p style=\"text-align: justify;\"><strong>TELDEACTUALIDAD<\/strong><\/p>\n<p style=\"text-align: justify;\">Santa Cruz de\u00a0Tenerife.- El consejero de Sanidad, Blas Trujillo, ha afirmado que con el contrato adicional realizado por el Gobierno de Espa\u00f1a con la farmac\u00e9utica Pfizer, por el que se suministrar\u00e1n entre marzo y finales de abril 6,8 millones de dosis, se podr\u00e1 coger &#8220;una velocidad de crucero importante&#8221; en la vacunaci\u00f3n contra el coronavirus.<\/p>\n<p>Blas Trujillo se ha referido a este asunto en repuestas este martes en el Parlamento de Canarias a una pregunta de la diputada del grupo Socialista Nayra Alem\u00e1n sobre los procesos llevados a cabo para garantizar el suministro de vacunas contra la covid-19.<\/p>\n<p>El consejero se\u00f1al\u00f3 adem\u00e1s que la Agencia Europea del Medicamento est\u00e1 procediendo a validar la vacuna de Johnson&amp;Johnson, que podr\u00eda tambi\u00e9n comenzar a administrarse en abril y que s\u00f3lo necesita una dosis, al tiempo que hay &#8220;otras en puertas&#8221;, pues la UE estudia la posibilidad de que tambi\u00e9n se utilice la vacuna rusa, la &#8220;Sputnik&#8221;.<\/p>\n<p>En cuanto a la incidencia que est\u00e1n teniendo en Canarias las variantes del SARS-CoV-2, sobre lo que se interes\u00f3 la diputada de Nueva Canarias Esther Gonz\u00e1lez, el consejero indic\u00f3 que se han analizado 812 muestras en el Hospital Universitario Nuestra Se\u00f1ora de la Candelaria de Santa Cruz de Tenerife entre el 18 de diciembre y el 22 de febrero y se han detectado 159 variantes de la cepa brit\u00e1nica (18 por ciento del whole), as\u00ed como, por primera vez, de la procedente de Brasil, como inform\u00f3 ayer el Ministerio de Sanidad.<\/p>\n<p>Adem\u00e1s se han remitido a Valencia para su an\u00e1lisis nueve muestras de casos positivos que est\u00e1n relacionados con un brote intrahospitalario registrado en el Physician Negr\u00edn en diciembre, a\u00f1adi\u00f3 Trujillo.<\/p>\n<p>Asimismo, y en respuesta a una pregunta del diputado nacionalista Narvay Quintero sobre los fallos en la realizaci\u00f3n de las pruebas PCR en el Hospital de El Hierro, el consejero dijo que se han producidos dos episodios de falsos positivos, uno en octubre de 2020 y otro en enero pasado, y se concluy\u00f3 que en ambos casos hubo un error en la manipulaci\u00f3n de las pruebas en el proceso de las PCR.<\/p>\n<p>Se han tomado las medidas pertinentes y la situaci\u00f3n ha vuelto a la normalidad, precis\u00f3 el consejero, a lo que el parlamentario Narvay Quintero respondi\u00f3 que esta situaci\u00f3n ha creado alarma entre la poblaci\u00f3n de El Hierro y pregunt\u00f3 si adem\u00e1s en esta isla se contabilizan como propios los casos de los inmigrantes acogidos en sus instalaciones que sean positivos en covid-19.<\/p>\n<p>Blas Trujillo manifest\u00f3 que los positivos de inmigrantes se contabilizan en todas las islas y otra cosa es que se separe de la estad\u00edsticas sanitarias de la poblaci\u00f3n, y por ello hoy El Hierro permanece en nivel 1 de alerta.<\/p>\n<p>Al respecto, dijo como ejemplo &#8220;demoledor&#8221; que en El Hierro se han realizado 4.200 PCR, el 40 por ciento de las tarjetas sanitarias de la isla, s\u00f3lo 7 casos fueron no concluyentes y la situaci\u00f3n se resolvi\u00f3 en menos de 24 horas.<\/p>\n<p>Adem\u00e1s el diputado del grupo Nacionalista Jonathan de Felipe cuestion\u00f3 al consejero sobre la obligaci\u00f3n de usar mascarilla en la pr\u00e1ctica del deporte, a lo que Blas Trujillo respondi\u00f3 que es una recomendaci\u00f3n de sociedades cient\u00edficas, deportivas y pedi\u00e1tricas.<\/p>\n<p>Sin embargo el diputado nacionalista objet\u00f3 que quien haya hecho esta recomendaci\u00f3n ni siquiera ha subido unas escaleras con una mascarilla puesta, y consider\u00f3 que usarla al hacer una pr\u00e1ctica deportiva intensa contribuye a que se humedezca m\u00e1s r\u00e1pidamente con el sudor y propicie el crecimiento de microorganismos.<\/p>\n<p>Blas Trujillo insisti\u00f3 en las consideraciones cient\u00edficas y llam\u00f3 a tener cuidado en lo que significar primar el rendimiento deportivo sobre las cuestiones sanitarias. <strong>EFE<\/strong><\/p>\n<\/p><\/div>\n\n<p><em> &#8221; Fuentes www.teldeactualidad.com &#8221; <\/em><\/p>\n","protected":false},"excerpt":{"rendered":"<p>TELDEACTUALIDAD Santa Cruz de\u00a0Tenerife.- El consejero de Sanidad, Blas Trujillo, ha afirmado que con el contrato adicional realizado por el Gobierno de Espa\u00f1a con la farmac\u00e9utica Pfizer, por el que se suministrar\u00e1n entre marzo y finales de abril 6,8 millones de dosis, se podr\u00e1 coger &#8220;una velocidad de crucero importante&#8221; en la vacunaci\u00f3n contra el [&hellip;]<\/p>\n","protected":false},"author":4,"featured_media":85860,"comment_status":"open","ping_status":"closed","sticky":false,"template":"","format":"standard","meta":{"om_disable_all_campaigns":false,"jnews-multi-image_gallery":[],"jnews_single_post":[],"jnews_primary_category":[],"jnews_social_meta":[],"footnotes":""},"categories":[41],"tags":[],"class_list":["post-85859","post","type-post","status-publish","format-standard","has-post-thumbnail","hentry","category-cruceros"],"_links":{"self":[{"href":"https:\/\/dimensionturistica.com\/es\/wp-json\/wp\/v2\/posts\/85859","targetHints":{"allow":["GET"]}}],"collection":[{"href":"https:\/\/dimensionturistica.com\/es\/wp-json\/wp\/v2\/posts"}],"about":[{"href":"https:\/\/dimensionturistica.com\/es\/wp-json\/wp\/v2\/types\/post"}],"author":[{"embeddable":true,"href":"https:\/\/dimensionturistica.com\/es\/wp-json\/wp\/v2\/users\/4"}],"replies":[{"embeddable":true,"href":"https:\/\/dimensionturistica.com\/es\/wp-json\/wp\/v2\/comments?post=85859"}],"version-history":[{"count":0,"href":"https:\/\/dimensionturistica.com\/es\/wp-json\/wp\/v2\/posts\/85859\/revisions"}],"wp:featuredmedia":[{"embeddable":true,"href":"https:\/\/dimensionturistica.com\/es\/wp-json\/wp\/v2\/media\/85860"}],"wp:attachment":[{"href":"https:\/\/dimensionturistica.com\/es\/wp-json\/wp\/v2\/media?parent=85859"}],"wp:term":[{"taxonomy":"category","embeddable":true,"href":"https:\/\/dimensionturistica.com\/es\/wp-json\/wp\/v2\/categories?post=85859"},{"taxonomy":"post_tag","embeddable":true,"href":"https:\/\/dimensionturistica.com\/es\/wp-json\/wp\/v2\/tags?post=85859"}],"curies":[{"name":"wp","href":"https:\/\/api.w.org\/{rel}","templated":true}]}}