{"id":85856,"date":"2021-02-24T00:45:52","date_gmt":"2021-02-24T00:45:52","guid":{"rendered":"https:\/\/dimensionturistica.com\/es\/?p=85856"},"modified":"2021-02-24T00:45:52","modified_gmt":"2021-02-24T00:45:52","slug":"dara-arturo-herrera-banderazo-de-arranque-al-nuevo-libramiento-este-viernes-el-comentario","status":"publish","type":"post","link":"https:\/\/dimensionturistica.com\/es\/dara-arturo-herrera-banderazo-de-arranque-al-nuevo-libramiento-este-viernes-el-comentario\/","title":{"rendered":"Dar\u00e1 Arturo Herrera banderazo de arranque al nuevo libramiento, este viernes \u2013 El Comentario"},"content":{"rendered":"<p> <br \/>\n<\/p>\n<div>\n<p>El gobernador <strong>Jos\u00e9 Ignacio Peralta S\u00e1nchez<\/strong>, dio a conocer que este viernes (26) se espera la <strong>visita del secretario de Hacienda, Arturo Herrera<\/strong>, en representaci\u00f3n del presidente de la Rep\u00fablica, <strong>Andr\u00e9s Manuel L\u00f3pez Obrador<\/strong>, para dar el <strong>banderazo de arranque <\/strong>de la <strong>construcci\u00f3n de la nueva v\u00eda r\u00e1pida<\/strong>, que comenzar\u00e1 en <strong>Loma de F\u00e1tima<\/strong> y finalizar\u00e1 cerca del <strong>crucero al aeropuerto \u201cMiguel de la Madrid\u201d,<\/strong> en el municipio de <strong>Cuauht\u00e9moc<\/strong>.<\/p>\n<p>En entrevista radiof\u00f3nica, el mandatario estatal record\u00f3 que la obra tendr\u00e1 una inversi\u00f3n de <strong>2 mil 100 millones de pesos<\/strong> y se realizar\u00e1 en su totalidad con <strong>recursos privados,<\/strong> cuyos inversionistas recuperar\u00e1n con una <strong>caseta de cobro<\/strong>.<\/p>\n<p>Record\u00f3 que el nuevo libramiento evitar\u00e1 el paso del <strong>transporte de carga pesada<\/strong> y de <strong>materiales peligrosos<\/strong> por la precise v\u00eda que pasa por el oriente de la ciudad, y se tendr\u00e1 listo en <strong>a\u00f1o y medio<\/strong>.<\/p>\n<p>La cuota por transitar por la v\u00eda r\u00e1pida, indic\u00f3, ser\u00e1 para el transporte pesado que va y viene del puerto de Manzanillo y se interna al pa\u00eds por <strong>Guadalajara<\/strong>, lo mismo para veh\u00edculos con placas de fuera, mientras que <strong>coches de pasajeros<\/strong> con dos ejes y <strong>placas de Colima<\/strong>, <strong>no pagar\u00e1n caseta<\/strong>.<\/p>\n<p>En su pasada visita a Colima, el secretario de Hacienda dio inicio al <strong>Centro Acu\u00e1tico de Occidente,<\/strong> que se construye en la <strong>Unidad Deportiva Morelos<\/strong>, como parte de una gira que realiz\u00f3 por el estado que consider\u00f3 visitas al puerto de Manzanillo y a la ciudad de Colima.<\/p>\n<p>Referente al centro acu\u00e1tico, el gobernador Peralta S\u00e1nchez inform\u00f3 que estar\u00e1 <strong>listo en junio<\/strong> y que contin\u00faan las gestiones para construir la <strong>fosa de clavados<\/strong>, que ser\u00e1 independiente a la <strong>alberca<\/strong>.<\/p>\n<div class=\"printfriendly pf-button pf-button-content pf-alignleft\"><a rel=\"nofollow noopener\" target=\"_blank\" href=\"https:\/\/elcomentario.ucol.mx\/dara-arturo-herrera-banderazo-de-arranque-al-nuevo-libramiento-este-viernes\/#\" onclick=\"window.print();if(typeof(_gaq) != 'undefined') { _gaq.push(['_trackEvent','PRINTFRIENDLY', 'print', 'NULL']);&#10;}else if(typeof(ga) != 'undefined') {  ga('send', 'event','PRINTFRIENDLY', 'print', 'NULL'); } return false;\" title=\"Printer Friendly, PDF &amp; Email\"><img decoding=\"async\" style=\"border:none;-webkit-box-shadow:none; -moz-box-shadow: none; box-shadow:none; padding:0; margin:0\" src=\"https:\/\/dimensionturistica.com\/es\/wp-content\/uploads\/2021\/01\/La-Junta-confia-en-el-segmento-de-cruceros-para-impulsar.png\" alt=\"Print Friendly, PDF &amp; Email\"\/><\/a><\/div>\n<\/div>\n<p><script>(function(d, s, id) {\nvar js, fjs = d.getElementsByTagName(s)[0];\nif (d.getElementById(id)) return;\njs = d.createElement(s); js.id = id;\njs.src = \"https:\/\/connect.facebook.net\/es_LA\/sdk.js#xfbml=1&version=v2.6&appId=202628046535042\";\nfjs.parentNode.insertBefore(js, fjs);\n}(document, 'script', 'facebook-jssdk'));<\/script><br \/>\n<br \/><\/p>\n<p><em> &#8221; Fuentes elcomentario.ucol.mx &#8221; <\/em><\/p>\n","protected":false},"excerpt":{"rendered":"<p>El gobernador Jos\u00e9 Ignacio Peralta S\u00e1nchez, dio a conocer que este viernes (26) se espera la visita del secretario de Hacienda, Arturo Herrera, en representaci\u00f3n del presidente de la Rep\u00fablica, Andr\u00e9s Manuel L\u00f3pez Obrador, para dar el banderazo de arranque de la construcci\u00f3n de la nueva v\u00eda r\u00e1pida, que comenzar\u00e1 en Loma de F\u00e1tima y [&hellip;]<\/p>\n","protected":false},"author":4,"featured_media":85857,"comment_status":"open","ping_status":"closed","sticky":false,"template":"","format":"standard","meta":{"om_disable_all_campaigns":false,"jnews-multi-image_gallery":[],"jnews_single_post":[],"jnews_primary_category":[],"jnews_social_meta":[],"footnotes":""},"categories":[41],"tags":[],"class_list":["post-85856","post","type-post","status-publish","format-standard","has-post-thumbnail","hentry","category-cruceros"],"_links":{"self":[{"href":"https:\/\/dimensionturistica.com\/es\/wp-json\/wp\/v2\/posts\/85856","targetHints":{"allow":["GET"]}}],"collection":[{"href":"https:\/\/dimensionturistica.com\/es\/wp-json\/wp\/v2\/posts"}],"about":[{"href":"https:\/\/dimensionturistica.com\/es\/wp-json\/wp\/v2\/types\/post"}],"author":[{"embeddable":true,"href":"https:\/\/dimensionturistica.com\/es\/wp-json\/wp\/v2\/users\/4"}],"replies":[{"embeddable":true,"href":"https:\/\/dimensionturistica.com\/es\/wp-json\/wp\/v2\/comments?post=85856"}],"version-history":[{"count":0,"href":"https:\/\/dimensionturistica.com\/es\/wp-json\/wp\/v2\/posts\/85856\/revisions"}],"wp:featuredmedia":[{"embeddable":true,"href":"https:\/\/dimensionturistica.com\/es\/wp-json\/wp\/v2\/media\/85857"}],"wp:attachment":[{"href":"https:\/\/dimensionturistica.com\/es\/wp-json\/wp\/v2\/media?parent=85856"}],"wp:term":[{"taxonomy":"category","embeddable":true,"href":"https:\/\/dimensionturistica.com\/es\/wp-json\/wp\/v2\/categories?post=85856"},{"taxonomy":"post_tag","embeddable":true,"href":"https:\/\/dimensionturistica.com\/es\/wp-json\/wp\/v2\/tags?post=85856"}],"curies":[{"name":"wp","href":"https:\/\/api.w.org\/{rel}","templated":true}]}}