{"id":85746,"date":"2021-02-23T20:10:01","date_gmt":"2021-02-23T20:10:01","guid":{"rendered":"https:\/\/dimensionturistica.com\/es\/?p=85746"},"modified":"2021-02-23T20:10:01","modified_gmt":"2021-02-23T20:10:01","slug":"avala-arquitecto-de-la-uas-rediseno-de-crucero-ciudad-noticias-tvp","status":"publish","type":"post","link":"https:\/\/dimensionturistica.com\/es\/avala-arquitecto-de-la-uas-rediseno-de-crucero-ciudad-noticias-tvp\/","title":{"rendered":"Avala Arquitecto de la UAS redise\u00f1o de crucero | Ciudad | Noticias | TVP"},"content":{"rendered":"<p> <br \/>\n<\/p>\n<div>\n<p style=\"text-align: justify; \">El proyecto de redise\u00f1o vial que se lleva a cabo entre calzada de Las Am\u00e9ricas y bulevar Universitarios impactar\u00e1 de manera positiva a todos los peatones que diariamente circulan en esta zona, opin\u00f3 el maestro en Arquitectura y Urbanismo, Ricardo Ulises Ruvalcaba L\u00f3pez.<\/p>\n<p style=\"text-align: justify; \">El Coordinador de la Licenciatura de Dise\u00f1o Urbano y del Paisaje de la Facultad de Arquitectura de la UAS, se\u00f1al\u00f3 que es un gran acierto implementar esta obra que dar\u00e1 mayor seguridad vial a la ciudadan\u00eda y sobre todo al estudiantado.<\/p>\n<p style=\"text-align: justify; \"><img decoding=\"async\" src=\"https:\/\/dimensionturistica.com\/es\/wp-content\/uploads\/2021\/02\/Avala-Arquitecto-de-la-UAS-rediseno-de-crucero-Ciudad.jpg\" style=\"width: 1096px;\"\/><\/p>\n<p style=\"text-align: justify; \">La realizaci\u00f3n de esta obra dise\u00f1ada desde una perspectiva de seguridad para el peat\u00f3n, dar\u00e1 soluci\u00f3n a los problemas viales que ya se han detectado en el sector, sirviendo principalmente de apoyo en el cruce de peatones y ciclistas.<\/p>\n<p style=\"text-align: justify; \">Se\u00f1al\u00f3\u00a0 que hoy d\u00eda, el dise\u00f1o urbano debe ser inclusivo y que est\u00e1 remodelaci\u00f3n va encaminada a ello, de ah\u00ed que manifest\u00f3 la importancia de informar a los sinaloenses sobre el objetivo que se persigue con estas propuestas que est\u00e1n orientadas a la movilidad urbana sustentable, consider\u00f3 necesario llevar a cabo nuevamente el ejercicio de urbanismo t\u00e1ctico, una vez que las clases y dem\u00e1s actividades que se llevan a cabo en esta zona se hayan reactivado en su totalidad y de esta forma poder evaluar de manera m\u00e1s asertiva el redise\u00f1o vial de la zona.<\/p>\n<p style=\"text-align: justify; \"><b>Tambi\u00e9n te puede interesar:<\/b><\/p>\n<p style=\"text-align: justify; \"><b>Vivos y en recuperaci\u00f3n animales rescatados durante la pande&#8230; (Fuente: <\/b><a rel=\"nofollow noopener\" target=\"_blank\" href=\"https:\/\/www.tvpacifico.mx\/noticias?plaza=culiacan)\">https:\/\/www.tvpacifico.mx\/noticias?plaza=culiacan)<\/a><\/p>\n<p style=\"text-align: justify; \"><b>30 comunidades apoyadas por JAPAC por estiaje (Fuente: https:\/\/www.tvpacifico.mx\/noticias?plaza=culiacan)<\/b><\/p>\n<\/div>\n<p><script>(function(d, s, id) {\n        var js, fjs = d.getElementsByTagName(s)[0];\n        if (d.getElementById(id)) return;\n        js = d.createElement(s); js.id = id;\n        js.src=\"https:\/\/connect.facebook.net\/es_LA\/sdk.js#xfbml=1&version=v2.11&appId=962584037097229\";\n        fjs.parentNode.insertBefore(js, fjs);\n    }(document, 'script', 'facebook-jssdk'));<\/script><script>\n    !function(f,b,e,v,n,t,s)\n    {if(f.fbq)return;n=f.fbq=function(){n.callMethod?\n        n.callMethod.apply(n,arguments):n.queue.push(arguments)};\n        if(!f._fbq)f._fbq=n;n.push=n;n.loaded=!0;n.version='2.0';\n        n.queue=[];t=b.createElement(e);t.async=!0;\n        t.src=v;s=b.getElementsByTagName(e)[0];\n        s.parentNode.insertBefore(t,s)}(window, document,'script',\n        'https:\/\/connect.facebook.net\/en_US\/fbevents.js');\n    fbq('init', '2289834817919919');\n    fbq('track', 'PageView');\n    fbq('track', 'CompleteRegistration');\n    fbq('track', 'Contact');\n    fbq('track', 'Search');\n    fbq('track', 'Subscribe', {value: '0.00', currency: 'USD', predicted_ltv: '0.00'});\n    fbq('track', 'ViewContent');\n<\/script><br \/>\n<br \/><\/p>\n<p><em> &#8221; Fuentes tvpacifico.mx &#8221; <\/em><\/p>\n","protected":false},"excerpt":{"rendered":"<p>El proyecto de redise\u00f1o vial que se lleva a cabo entre calzada de Las Am\u00e9ricas y bulevar Universitarios impactar\u00e1 de manera positiva a todos los peatones que diariamente circulan en esta zona, opin\u00f3 el maestro en Arquitectura y Urbanismo, Ricardo Ulises Ruvalcaba L\u00f3pez. El Coordinador de la Licenciatura de Dise\u00f1o Urbano y del Paisaje de [&hellip;]<\/p>\n","protected":false},"author":4,"featured_media":85747,"comment_status":"open","ping_status":"closed","sticky":false,"template":"","format":"standard","meta":{"om_disable_all_campaigns":false,"jnews-multi-image_gallery":[],"jnews_single_post":[],"jnews_primary_category":[],"jnews_social_meta":[],"footnotes":""},"categories":[41],"tags":[],"class_list":["post-85746","post","type-post","status-publish","format-standard","has-post-thumbnail","hentry","category-cruceros"],"_links":{"self":[{"href":"https:\/\/dimensionturistica.com\/es\/wp-json\/wp\/v2\/posts\/85746","targetHints":{"allow":["GET"]}}],"collection":[{"href":"https:\/\/dimensionturistica.com\/es\/wp-json\/wp\/v2\/posts"}],"about":[{"href":"https:\/\/dimensionturistica.com\/es\/wp-json\/wp\/v2\/types\/post"}],"author":[{"embeddable":true,"href":"https:\/\/dimensionturistica.com\/es\/wp-json\/wp\/v2\/users\/4"}],"replies":[{"embeddable":true,"href":"https:\/\/dimensionturistica.com\/es\/wp-json\/wp\/v2\/comments?post=85746"}],"version-history":[{"count":0,"href":"https:\/\/dimensionturistica.com\/es\/wp-json\/wp\/v2\/posts\/85746\/revisions"}],"wp:featuredmedia":[{"embeddable":true,"href":"https:\/\/dimensionturistica.com\/es\/wp-json\/wp\/v2\/media\/85747"}],"wp:attachment":[{"href":"https:\/\/dimensionturistica.com\/es\/wp-json\/wp\/v2\/media?parent=85746"}],"wp:term":[{"taxonomy":"category","embeddable":true,"href":"https:\/\/dimensionturistica.com\/es\/wp-json\/wp\/v2\/categories?post=85746"},{"taxonomy":"post_tag","embeddable":true,"href":"https:\/\/dimensionturistica.com\/es\/wp-json\/wp\/v2\/tags?post=85746"}],"curies":[{"name":"wp","href":"https:\/\/api.w.org\/{rel}","templated":true}]}}