{"id":85723,"date":"2021-02-23T19:43:00","date_gmt":"2021-02-23T19:43:00","guid":{"rendered":"https:\/\/dimensionturistica.com\/es\/?p=85723"},"modified":"2021-02-23T19:43:01","modified_gmt":"2021-02-23T19:43:01","slug":"como-unas-fotos-de-inmigrantes-amenazan-la-ambicion-turistica-internacional-de-melilla","status":"publish","type":"post","link":"https:\/\/dimensionturistica.com\/es\/como-unas-fotos-de-inmigrantes-amenazan-la-ambicion-turistica-internacional-de-melilla\/","title":{"rendered":"C\u00f3mo unas fotos de inmigrantes amenazan la ambici\u00f3n tur\u00edstica internacional de Melilla"},"content":{"rendered":"<p> <br \/>\n<\/p>\n<div>\n<p> <a rel=\"nofollow noopener\" target=\"_blank\" href=\"https:\/\/www.elconfidencial.com\/tags\/lugares\/melilla-6927\/\">Melilla<\/a> esperaba ansiosa, a principios de semana, al mega yate Woman Maura con sus 26 acaudalados pasajeros a bordo y 65 miembros de la tripulaci\u00f3n que les atienden. Pero las im\u00e1genes del rescate, el viernes, por la <a rel=\"nofollow noopener\" target=\"_blank\" href=\"https:\/\/www.elconfidencial.com\/tags\/organismos\/guardia-civil-5176\/\">Guardia Civil<\/a> de 41 inmigrantes escondidos en el puerto de la ciudad para intentar dar el salto a la Pen\u00ednsula <strong>han dado al traste con la escala de ese buque de lujo<\/strong>. <\/p>\n<p> El <a rel=\"nofollow noopener\" target=\"_blank\" href=\"https:\/\/yachtharbour.com\/news\/welcome-aboard-105m-superyacht-lady-moura-3942\">Lady Moura<\/a>, de 105 metros de eslora -equipado con piscina, salas de juego, discoteca e incluso de un helipuerto- cancel\u00f3 su parada en la ciudad aut\u00f3noma, indicaron fuentes del sector n\u00e1utico de recreo el martes. La embarcaci\u00f3n es propiedad del <a rel=\"nofollow noopener\" target=\"_blank\" href=\"https:\/\/www.elconfidencial.com\/tags\/lugares\/arabia-saudi-3497\/\">magnate saud\u00ed<\/a> <strong>Nasser Al Rachid<\/strong>, quien lo alquila para que aquellos que pueden pag\u00e1rselo recorran el Mediterr\u00e1neo occidental. Es una pr\u00e1ctica recurring entre los due\u00f1os de grandes yates. Dos expresidentes de <a rel=\"nofollow noopener\" target=\"_blank\" href=\"https:\/\/www.elconfidencial.com\/tags\/temas\/estados-unidos-eeuu-10821\/\">Estados Unidos<\/a>, <a rel=\"nofollow noopener\" target=\"_blank\" href=\"https:\/\/www.elconfidencial.com\/tags\/personajes\/bill-clinton-10432\/\">Bill Clinton<\/a> y <a rel=\"nofollow noopener\" target=\"_blank\" href=\"https:\/\/www.elconfidencial.com\/tags\/personajes\/george-w-bush-6462\/\">George Bush<\/a>, navegaron a\u00f1os atr\u00e1s en el suntuoso yate <strong>valorado en 200 millones de euros<\/strong>. <\/p>\n<p> Para la maltrecha econom\u00eda de Melilla, el desembarco de las dos docenas de pasajeros del Woman Moura no iba a suponer un alivio appreciable, por muy adinerados que fueran. Lo importante period <strong>abrir una ruta para que yates y cruceros hagan escala y reposten en su puerto siniestrado, <\/strong>cuyo tr\u00e1fico de mercanc\u00edas cae constantemente desde hace cuatro a\u00f1os y el de pasajeros se redujo el a\u00f1o pasado en un 72%. En 2020, con la <a rel=\"nofollow noopener\" target=\"_blank\" href=\"https:\/\/www.elconfidencial.com\/tags\/otros\/pandemia-5901\/\">pandemia<\/a>, no atrac\u00f3 ni un solo crucero en la ciudad. El puerto de Melilla es el que m\u00e1s p\u00e9rdidas acumul\u00f3 el a\u00f1o pasado de todo el sistema portuario de Espa\u00f1a, seg\u00fan datos de la industria. <\/p>\n<figure class=\"bodyObject bodyImage__wrapper bodyImage__wrapper--landscape\"><figcaption class=\"bodyImage__caption\">  El Woman Moura. (Cat\u00e1logo Yacht Harbour)  <\/figcaption><\/figure>\n<h2 class=\"bodyTitle\">Navegar sin pagar IVA<\/h2>\n<p> El declive de Melilla se explica ante todo por dos razones. <strong><a rel=\"nofollow noopener\" target=\"_blank\" href=\"https:\/\/www.elconfidencial.com\/tags\/temas\/noticias-de-marruecos-5952\/\">Marruecos<\/a> cerr\u00f3<\/strong>, en agosto de 2018, <strong>la aduana comercial <\/strong>con la ciudad sin comunic\u00e1rselo previamente a Espa\u00f1a, por lo que dejaron de entrar mercanc\u00edas por el puerto para ser exportadas legalmente al pa\u00eds vecino. A partir de marzo de 2020, la frontera terrestre con Marruecos qued\u00f3 adem\u00e1s cerrada a causa de la pandemia. Se suspendi\u00f3 el contrabando y la Operaci\u00f3n paso del Estrecho (OpE), en la que decenas de miles de marroqu\u00edes residentes en Europa transitan cada verano por la ciudad para regresar a sus pa\u00edses de vacaciones. <\/p>\n<p> El director de la Autoridad Portuaria de Melilla, <strong>Luis J. Ayala Navarro<\/strong>, so\u00f1\u00f3 entonces con que los superyates \u201cempiecen a ser fletados para itinerarios que incluyan su puerto\u201d, seg\u00fan la revista &#8216;Boat Worldwide&#8217;. Encarg\u00f3 un estudio al bufete madrile\u00f1o Albors Galiano Portales, especializado en derecho mar\u00edtimo, sobre c\u00f3mo se pod\u00edan <strong>aprovechar las ventajas del estatus fiscal de la ciudad <\/strong>para atraer barcos de recreo a su puerto deportivo, donde dispone de una d\u00e1rsena de 240 metros y de 15 amarres de popa. <\/p>\n<section class=\"bodyObject inTextNews inTextNews--blog\">\n<figure class=\"inTextNews__imgWrapper\">  <img decoding=\"async\" class=\"inTextNews__img\" alt=\"Foto: Puertas de la frontera del Tarajal, que separa Ceuta de Marruecos. (EFE)\" src=\"https:\/\/dimensionturistica.com\/es\/wp-content\/uploads\/2021\/02\/Como-unas-fotos-de-inmigrantes-amenazan-la-ambicion-turistica-internacional.jpg\"  \/>   <\/p>\n<div class=\"inTextNews__blog\"> <img decoding=\"async\" class=\"inTextNews__blog__img\" width=\"20\" height=\"20\" src=\"https:\/\/dimensionturistica.com\/es\/wp-content\/uploads\/2021\/02\/Como-unas-fotos-de-inmigrantes-amenazan-la-ambicion-turistica-internacional.png\" alt=\"Ignacio Cembrero\"\/> <span class=\"inTextNews__blog__title\">Opini\u00f3n<\/span> <\/div>\n<\/figure>\n<div class=\"inTextNews__text\">\n<header> <span> <a rel=\"nofollow noopener\" target=\"_blank\" class=\"inTextNews__title\" href=\"https:\/\/blogs.elconfidencial.com\/mundo\/la-historia-no-acaba-aqui\/2021-01-20\/marruecos-asfixia-ceuta-melilla_2913992\/\">De c\u00f3mo Marruecos asfixia a Ceuta y Melilla y el Gobierno las deja morir<\/a> <\/span> <\/header>\n<p>    <span class=\"inTextNews__itemSignature\">Ignacio Cembrero<\/span>   <\/p>\n<\/p><\/div>\n<\/section>\n<p> Los letrados concluyeron que la no pertenencia de Melilla a la uni\u00f3n aduanera europea le permit\u00eda convertirse en una ventajosa escala de repostaje para buques de recreo, como lo es Gibraltar, y en un foco de operaciones de arrendamiento n\u00e1utico (servicios ch\u00e1rter). Para ser a\u00fan m\u00e1s atractiva, la ciudad aprovech\u00f3 sus competencias para rebajar el IPSI (impuesto native que sustituye al IVA), para esas operaciones, <strong>del 4% al 0,5%.<\/strong> Melilla tiene adem\u00e1s la ventaja de estar m\u00e1s cerca que el Pe\u00f1\u00f3n del \u00e1rea donde se efect\u00faan esos cruceros de lujo (Baleares, Barcelona, Cerde\u00f1a, Sicilia etc\u00e9tera). Melilla es ahora \u201cel punto de partida para <strong>navegar casi sin pagar IVA<\/strong>\u201d, recalcaba Boat Worldwide. <\/p>\n<h2 class=\"bodyTitle\">Ceniza t\u00f3xica en la prensa internacional<\/h2>\n<p> Un pu\u00f1ado de inmigrantes y el impacto de unas im\u00e1genes ha desbaratado, provisionalmente, esos bonitos planes. Una pierna inerte que <strong>sal\u00eda de un bolsa sellada de cenizas t\u00f3xicas <\/strong>llam\u00f3 la atenci\u00f3n de un guardia civil que, como cada d\u00eda, inspeccionaba el puerto para impedir que los &#8216;sin papeles&#8217; que est\u00e1n en Melilla den el salto a la pen\u00ednsula col\u00e1ndose en los ferry que zarpan rumbo a Almer\u00eda y M\u00e1laga. <\/p>\n<p> El agente pens\u00f3 que el hombre hab\u00eda fallecido pero, cuando abri\u00f3 la bolsa con un cuchillo, sali\u00f3 <strong>un joven asustado, aturdido y cubierto de cenizas<\/strong>. Otros 40 inmigrantes fueron descubiertos, ese mismo d\u00eda, escondidos en bateas de reciclaje repletas de botellas de vidrio, muchas de ellas rotas y con bordes afilados. Todos ellos eran marroqu\u00edes y argelinos. Pese al cierre de la frontera desde marzo, <strong>1.415 inmigrantes irregulares lograron colarse en Melilla en 2020. <\/strong>En lo que va de a\u00f1o, lo han conseguido 158 m\u00e1s. <\/p>\n<p> El fin de semana empez\u00f3 primero a round un v\u00eddeo an\u00f3nimo de ese rescate colectivo y, m\u00e1s tarde, la Guardia Civil, orgullosa de su operaci\u00f3n, distribuy\u00f3 el suyo propio. Las agencias de prensa internacionales y los corresponsales en Madrid se hicieron eco de la noticia que acab\u00f3 publicada hasta en el diario &#8216;<a rel=\"nofollow noopener\" target=\"_blank\" href=\"https:\/\/www.smh.com.au\/world\/europe\/migrants-found-amid-broken-glass-toxic-ash-in-spain-20210223-p574y4.html\">Sidney Morning Herald<\/a>&#8216; de Australia. A lo largo del a\u00f1o pasado la Guardia Civil y la polic\u00eda portuaria apresaron a 11.669 personas en situaci\u00f3n irregular \u2013muchas de ellas varias veces- que se hab\u00edan introducido en el recinto con la intenci\u00f3n de embarcar. <\/p>\n<section class=\"bodyObject inTextNews \">\n<figure class=\"inTextNews__imgWrapper\">  <img decoding=\"async\" class=\"inTextNews__img\" alt=\"Foto: El presidente del Gobierno espa\u00f1ol, Pedro S\u00e1nchez (2i), junto al ministro del Interior, Fernando Grande-Marlaska (i), durante la reuni\u00f3n que mantuvieron con el rey Mohamed VI (c) en el Palacio Real de Rabat, en noviembre de 2018. (EFE)\" src=\"https:\/\/dimensionturistica.com\/es\/wp-content\/uploads\/2021\/02\/1614109379_670_Como-unas-fotos-de-inmigrantes-amenazan-la-ambicion-turistica-internacional.jpg\"  \/>  <\/figure>\n<div class=\"inTextNews__text\">\n<header> <span> <a rel=\"nofollow noopener\" target=\"_blank\" class=\"inTextNews__title\" href=\"https:\/\/www.elconfidencial.com\/espana\/2020-12-23\/seis-motivos-espana-enfadarse-rabat-ceuta-y-melilla_2883915\/\">Seis motivos por los que Espa\u00f1a podr\u00eda enfadarse con Rabat, y no por Ceuta y Melilla<\/a> <\/span> <\/header>\n<p>    <span class=\"inTextNews__itemSignature\">Ignacio Cembrero<\/span>   <\/p>\n<\/p><\/div>\n<\/section>\n<p> La difusi\u00f3n del v\u00eddeo del instituto armado ha causado malestar en la Autoridad Portuaria, porque da\u00f1a la imagen de la ciudad y de su puerto. Cancelar la escala del Woman Maura es, desde luego, absurdo. La inmigraci\u00f3n en Melilla <strong>no supone un peligro para los pasajeros del crucero <\/strong>y su objetivo no son los yates, cuyo destino desconocen, sino los ferry que parten hacia la Pen\u00ednsula. <\/p>\n<p> El miedo a la inmigraci\u00f3n como issue disuasorio del turismo ya aflor\u00f3 en Canarias donde, como los centros de acogida est\u00e1n llenos, <strong>m\u00e1s de 6.000 inmigrantes irregulares se alojan provisionalmente en hoteles<\/strong>. La pandemia ha reducido dr\u00e1sticamente la llegada de visitantes extranjeros al archipi\u00e9lago y esos establecimientos tienen algunos ingresos gracias a los pagos de los ministerios de Inside y de Inclusi\u00f3n por hospedar a inmigrantes. Algunos responsables del sector temen, sin embargo, que si a la larga persiste la inmigraci\u00f3n masiva, el turismo trate de sortearla y deje de viajar a las islas. <\/p>\n<section class=\"htmlWrapper\"><iframe loading=\"lazy\" height=\"400px\" data-layout=\"fixed-height\" scrolling=\"auto\" src=\"https:\/\/datos.elconfidencial.com\/opinion-modulo-firma\/?author=ignacio-cembrero \" vspace=\"0\" width=\"100%\"><\/iframe>  <\/section><\/div>\n\n<p><em> &#8221; Fuentes www.elconfidencial.com &#8221; <\/em><\/p>\n","protected":false},"excerpt":{"rendered":"<p>Melilla esperaba ansiosa, a principios de semana, al mega yate Woman Maura con sus 26 acaudalados pasajeros a bordo y 65 miembros de la tripulaci\u00f3n que les atienden. Pero las im\u00e1genes del rescate, el viernes, por la Guardia Civil de 41 inmigrantes escondidos en el puerto de la ciudad para intentar dar el salto a [&hellip;]<\/p>\n","protected":false},"author":4,"featured_media":85724,"comment_status":"open","ping_status":"closed","sticky":false,"template":"","format":"standard","meta":{"om_disable_all_campaigns":false,"jnews-multi-image_gallery":[],"jnews_single_post":[],"jnews_primary_category":[],"jnews_social_meta":[],"footnotes":""},"categories":[41],"tags":[],"class_list":["post-85723","post","type-post","status-publish","format-standard","has-post-thumbnail","hentry","category-cruceros"],"_links":{"self":[{"href":"https:\/\/dimensionturistica.com\/es\/wp-json\/wp\/v2\/posts\/85723","targetHints":{"allow":["GET"]}}],"collection":[{"href":"https:\/\/dimensionturistica.com\/es\/wp-json\/wp\/v2\/posts"}],"about":[{"href":"https:\/\/dimensionturistica.com\/es\/wp-json\/wp\/v2\/types\/post"}],"author":[{"embeddable":true,"href":"https:\/\/dimensionturistica.com\/es\/wp-json\/wp\/v2\/users\/4"}],"replies":[{"embeddable":true,"href":"https:\/\/dimensionturistica.com\/es\/wp-json\/wp\/v2\/comments?post=85723"}],"version-history":[{"count":0,"href":"https:\/\/dimensionturistica.com\/es\/wp-json\/wp\/v2\/posts\/85723\/revisions"}],"wp:featuredmedia":[{"embeddable":true,"href":"https:\/\/dimensionturistica.com\/es\/wp-json\/wp\/v2\/media\/85724"}],"wp:attachment":[{"href":"https:\/\/dimensionturistica.com\/es\/wp-json\/wp\/v2\/media?parent=85723"}],"wp:term":[{"taxonomy":"category","embeddable":true,"href":"https:\/\/dimensionturistica.com\/es\/wp-json\/wp\/v2\/categories?post=85723"},{"taxonomy":"post_tag","embeddable":true,"href":"https:\/\/dimensionturistica.com\/es\/wp-json\/wp\/v2\/tags?post=85723"}],"curies":[{"name":"wp","href":"https:\/\/api.w.org\/{rel}","templated":true}]}}