{"id":85703,"date":"2021-02-23T19:08:26","date_gmt":"2021-02-23T19:08:26","guid":{"rendered":"https:\/\/dimensionturistica.com\/es\/?p=85703"},"modified":"2021-02-23T19:08:26","modified_gmt":"2021-02-23T19:08:26","slug":"sea-cloud-cruises-retrasa-reinicio-de-operaciones-hasta-inicio-de-mayo","status":"publish","type":"post","link":"https:\/\/dimensionturistica.com\/es\/sea-cloud-cruises-retrasa-reinicio-de-operaciones-hasta-inicio-de-mayo\/","title":{"rendered":"Sea Cloud Cruises retrasa reinicio de operaciones hasta inicio de mayo"},"content":{"rendered":"<p> <br \/>\n<\/p>\n<div style=\"margin-top:0px;\">\n<p><span id=\"more-87935\"\/><strong>Por Redacci\u00f3n PortalCruceros.cl<\/strong><\/p>\n<p><strong>@PortalCruceros<\/strong><\/p>\n<hr\/>\n<p style=\"text-align: justify;\"><strong>Sea Cloud Cruises<\/strong> decidi\u00f3 retrasar su fecha de inicio de servicios en el Mediterr\u00e1neo hasta inicios de mayo, a causa de las restricciones vigentes relacionadas con el Covid-19.<\/p>\n<p style=\"text-align: justify;\"><img decoding=\"async\" loading=\"lazy\" class=\"alignright  wp-image-87936\" src=\"https:\/\/dimensionturistica.com\/es\/wp-content\/uploads\/2021\/02\/Sea-Cloud-Cruises-retrasa-reinicio-de-operaciones-hasta-inicio-de.jpg\" alt=\"\" width=\"437\" height=\"291\"\/>De esta manera, el estreno en sociedad del <strong>Sea Cloud Spirit<\/strong>, barco de tres m\u00e1stiles y aparejo completo de 138 metros (452,7 pies) de largo, se concretar\u00e1 reci\u00e9n en junio.<\/p>\n<p style=\"text-align: justify;\">Por su parte, Sea Cloud Cruises opt\u00f3 por viajes que comienzan y terminan en el mismo puerto, y ser\u00e1 el <strong>Sea Cloud<\/strong> el primer barco de la flota en comenzar los viajes desde El Pireo a las islas griegas el 7 de mayo de 2021.<\/p>\n<p style=\"text-align: justify;\">El <strong>Sea Cloud II<\/strong> comenzar\u00e1 el 2 de junio de 2021 con viajes desde Niza alternando a lo largo de la Costa Azul y sus alrededores.<\/p>\n<p style=\"text-align: justify;\">En tanto, Sea Cloud Spirit centrar\u00e1 sus viajes desde Roma en Sicilia y Toscana, y su viaje inaugural comenzar\u00e1 en Roma el 2 de junio de 2021.<\/p>\n<p style=\"text-align: justify;\">\u201cDebido a que nos centramos en un pa\u00eds y una regi\u00f3n por barco, podemos acercar cada destino a nuestros hu\u00e9spedes\u201d, enfatiza el <strong>director gerente Daniel Sch\u00e4fer.<\/strong><\/p>\n<hr\/>\n<p>\t\t <!-- banner --><br \/>\n<!--\t \n\n<div style=\"margin-top: 15px;\"><\/div>\n\n\n<a rel=\"nofollow noopener\" target=\"_blank\" href=\"https:\/\/www.linkedin.com\/company\/portalcruceros-cl\/\">\n\t<img decoding=\"async\" src=\"https:\/\/dimensionturistica.com\/es\/wp-content\/uploads\/2020\/09\/Knud-E-Hansen-disena-nuevo-crucero-de-expedicion-rompehielos.gif\" \/>\n\t<\/a> --><\/p>\n<p>\t<!-- banner end --><\/p>\n<p>\t\t <!-- notas relacionadas --><\/p>\n<hr\/>\n<div class=\"rel_posts\">\n \u00a0 \u00a0 \u00a0 \u00a0 \u00a0 \u00a0 \u00a0 \u00a0 \u00a0 \u00a0 \u00a0 \u00a0 \u00a0 \u00a0<\/p>\n<p>Sigue navegando<\/p>\n<\/p><\/div>\n<p>\t\t   <!-- fin notas relacionadas --><\/p><\/div>\n\n<p><em> &#8221; Fuentes portalcruceros.cl &#8221; <\/em><\/p>\n","protected":false},"excerpt":{"rendered":"<p>Por Redacci\u00f3n PortalCruceros.cl @PortalCruceros Sea Cloud Cruises decidi\u00f3 retrasar su fecha de inicio de servicios en el Mediterr\u00e1neo hasta inicios de mayo, a causa de las restricciones vigentes relacionadas con el Covid-19. De esta manera, el estreno en sociedad del Sea Cloud Spirit, barco de tres m\u00e1stiles y aparejo completo de 138 metros (452,7 pies) [&hellip;]<\/p>\n","protected":false},"author":4,"featured_media":85704,"comment_status":"open","ping_status":"closed","sticky":false,"template":"","format":"standard","meta":{"om_disable_all_campaigns":false,"jnews-multi-image_gallery":[],"jnews_single_post":[],"jnews_primary_category":[],"jnews_social_meta":[],"footnotes":""},"categories":[41],"tags":[],"class_list":["post-85703","post","type-post","status-publish","format-standard","has-post-thumbnail","hentry","category-cruceros"],"_links":{"self":[{"href":"https:\/\/dimensionturistica.com\/es\/wp-json\/wp\/v2\/posts\/85703","targetHints":{"allow":["GET"]}}],"collection":[{"href":"https:\/\/dimensionturistica.com\/es\/wp-json\/wp\/v2\/posts"}],"about":[{"href":"https:\/\/dimensionturistica.com\/es\/wp-json\/wp\/v2\/types\/post"}],"author":[{"embeddable":true,"href":"https:\/\/dimensionturistica.com\/es\/wp-json\/wp\/v2\/users\/4"}],"replies":[{"embeddable":true,"href":"https:\/\/dimensionturistica.com\/es\/wp-json\/wp\/v2\/comments?post=85703"}],"version-history":[{"count":0,"href":"https:\/\/dimensionturistica.com\/es\/wp-json\/wp\/v2\/posts\/85703\/revisions"}],"wp:featuredmedia":[{"embeddable":true,"href":"https:\/\/dimensionturistica.com\/es\/wp-json\/wp\/v2\/media\/85704"}],"wp:attachment":[{"href":"https:\/\/dimensionturistica.com\/es\/wp-json\/wp\/v2\/media?parent=85703"}],"wp:term":[{"taxonomy":"category","embeddable":true,"href":"https:\/\/dimensionturistica.com\/es\/wp-json\/wp\/v2\/categories?post=85703"},{"taxonomy":"post_tag","embeddable":true,"href":"https:\/\/dimensionturistica.com\/es\/wp-json\/wp\/v2\/tags?post=85703"}],"curies":[{"name":"wp","href":"https:\/\/api.w.org\/{rel}","templated":true}]}}