{"id":85650,"date":"2021-02-23T17:02:34","date_gmt":"2021-02-23T17:02:34","guid":{"rendered":"https:\/\/dimensionturistica.com\/es\/?p=85650"},"modified":"2021-02-23T17:02:34","modified_gmt":"2021-02-23T17:02:34","slug":"se-pasa-rojo-y-choca-taxi-en-peligroso-crucero","status":"publish","type":"post","link":"https:\/\/dimensionturistica.com\/es\/se-pasa-rojo-y-choca-taxi-en-peligroso-crucero\/","title":{"rendered":"Se pasa rojo y choca taxi en peligroso crucero"},"content":{"rendered":"<p> <br \/>\n<\/p>\n<div>\n<div class=\"td-post-featured-image\"><a rel=\"nofollow noopener\" target=\"_blank\" href=\"https:\/\/i1.wp.com\/periodicolavoz.com.mx\/wp-content\/uploads\/2021\/02\/Mesa-de-trabajo-2-12.png?fit=961%2C550\" data-caption=\"\"><img decoding=\"async\" width=\"696\" height=\"398\" class=\"entry-thumb td-modal-image\" src=\"https:\/\/dimensionturistica.com\/es\/wp-content\/uploads\/2021\/02\/Se-pasa-rojo-y-choca-taxi-en-peligroso-crucero.png\"   alt=\"\" title=\"Mesa de trabajo 2\"\/><\/a><\/div>\n<p>Por pasarse la luz roja de un sem\u00e1foro, un descuidado conductor protagoniz\u00f3 un aparatoso accidente en un peligroso cruce de la Zona Centro, al quitarle el derecho de v\u00eda a un carro de alquiler.<\/p>\n<p>El accidente se registr\u00f3 alrededor de las 08:50 horas de ayer, en el cruce de las calles De la Fuente con Jes\u00fas Silva.<\/p>\n<p>Como responsable del accidente de las autoridades encontraron a H\u00e9ctor Rodr\u00edguez Delgado, de 60 a\u00f1os de edad, quien manejaba una camioneta Dodge Journey, en shade blanco.<\/p>\n<p>Seg\u00fan el peritaje establecido por las autoridades, el sexagenario le quit\u00f3 el derecho de v\u00eda a un Nissan Tsuru, de shade blanco, destinado al transporte p\u00fablico, de la l\u00ednea Eco Taxi.<\/p>\n<p>Ante la imprudente maniobra del conductor de la camioneta, el taxista, Arnoldo Madrid Mendoza, de 43 a\u00f1os de edad, no pudo esquivar el impacto.<\/p>\n<p>Al sitio arribaron elementos de Management de Accidentes, quienes deslindaron las responsabilidades mediante la sincronizaci\u00f3n de los sem\u00e1foros ubicados en el cruce.<\/p>\n<\/p><\/div>\n\n<p><em> &#8221; Fuentes periodicolavoz.com.mx &#8221; <\/em><\/p>\n","protected":false},"excerpt":{"rendered":"<p>Por pasarse la luz roja de un sem\u00e1foro, un descuidado conductor protagoniz\u00f3 un aparatoso accidente en un peligroso cruce de la Zona Centro, al quitarle el derecho de v\u00eda a un carro de alquiler. El accidente se registr\u00f3 alrededor de las 08:50 horas de ayer, en el cruce de las calles De la Fuente con [&hellip;]<\/p>\n","protected":false},"author":4,"featured_media":85651,"comment_status":"open","ping_status":"closed","sticky":false,"template":"","format":"standard","meta":{"om_disable_all_campaigns":false,"jnews-multi-image_gallery":[],"jnews_single_post":[],"jnews_primary_category":[],"jnews_social_meta":[],"footnotes":""},"categories":[41],"tags":[],"class_list":["post-85650","post","type-post","status-publish","format-standard","has-post-thumbnail","hentry","category-cruceros"],"_links":{"self":[{"href":"https:\/\/dimensionturistica.com\/es\/wp-json\/wp\/v2\/posts\/85650","targetHints":{"allow":["GET"]}}],"collection":[{"href":"https:\/\/dimensionturistica.com\/es\/wp-json\/wp\/v2\/posts"}],"about":[{"href":"https:\/\/dimensionturistica.com\/es\/wp-json\/wp\/v2\/types\/post"}],"author":[{"embeddable":true,"href":"https:\/\/dimensionturistica.com\/es\/wp-json\/wp\/v2\/users\/4"}],"replies":[{"embeddable":true,"href":"https:\/\/dimensionturistica.com\/es\/wp-json\/wp\/v2\/comments?post=85650"}],"version-history":[{"count":0,"href":"https:\/\/dimensionturistica.com\/es\/wp-json\/wp\/v2\/posts\/85650\/revisions"}],"wp:featuredmedia":[{"embeddable":true,"href":"https:\/\/dimensionturistica.com\/es\/wp-json\/wp\/v2\/media\/85651"}],"wp:attachment":[{"href":"https:\/\/dimensionturistica.com\/es\/wp-json\/wp\/v2\/media?parent=85650"}],"wp:term":[{"taxonomy":"category","embeddable":true,"href":"https:\/\/dimensionturistica.com\/es\/wp-json\/wp\/v2\/categories?post=85650"},{"taxonomy":"post_tag","embeddable":true,"href":"https:\/\/dimensionturistica.com\/es\/wp-json\/wp\/v2\/tags?post=85650"}],"curies":[{"name":"wp","href":"https:\/\/api.w.org\/{rel}","templated":true}]}}