{"id":85639,"date":"2021-02-23T16:28:08","date_gmt":"2021-02-23T16:28:08","guid":{"rendered":"https:\/\/dimensionturistica.com\/es\/?p=85639"},"modified":"2021-02-23T16:28:08","modified_gmt":"2021-02-23T16:28:08","slug":"investigan-en-francia-un-crucero-por-su-gestion-de-la-covid-en-el-caribe","status":"publish","type":"post","link":"https:\/\/dimensionturistica.com\/es\/investigan-en-francia-un-crucero-por-su-gestion-de-la-covid-en-el-caribe\/","title":{"rendered":"Investigan en Francia un crucero por su gesti\u00f3n de la covid en el Caribe"},"content":{"rendered":"<p> <br \/>\n<\/p>\n<div id=\"\">\n<span class=\"show-for-sr\">Este contenido fue publicado el 23 febrero 2021 &#8211; 16:08<\/span><br \/>\n<time class=\"si-detail__date\" datetime=\"2021-02-23T16:08:07+01:00\"><br \/>\n<span aria-hidden=\"true\">23 febrero 2021 &#8211; 16:08<\/span><br \/>\n<\/time><\/p>\n<address class=\"si-detail__author\" data-uk-scrollspy=\"hidden: false; repeat: true; offset-top: -50\">\n<\/address>\n<p>Par\u00eds, 23 feb (EFE).- La Justicia francesa ha abierto una investigaci\u00f3n despu\u00e9s de recibir numerosas denuncias relacionadas con la gesti\u00f3n de la covid en un crucero que navegaba en el Caribe en marzo de 2020 y en el que fallecieron tres pasajeros supuestamente por coronavirus, dijeron hoy a Efe fuentes judiciales, que confirmaron la apertura de las pesquisas.<\/p>\n<p>&#8220;La Fiscal\u00eda de Par\u00eds abri\u00f3 el 19 de febrero una investigaci\u00f3n contra &#8216;X&#8217; (f\u00f3rmula que no identifica al presunto culpable) por los cargos de fraude agravado, homicidios y heridas involuntarias, no asistencia a personas en peligro y por poner en peligro a terceros&#8221;, indicaron.<\/p>\n<p>El crucero en el que viajaban los denunciantes, muchos de ellos de nacionalidad francesa, period el Costa M\u00e1gica, perteneciente a la compa\u00f1\u00eda Costa Croisi\u00e8res, controlada por la empresa italiana Carnival, l\u00edderes del sector en Europa.<\/p>\n<p>La compa\u00f1\u00eda ya hab\u00eda asegurado durante las primeras denuncias recibidas haber seguido &#8220;rigurosamente las disposiciones en vigor&#8221; en lo relacionado con el combate a la covid.<\/p>\n<p>Sin embargo, los pasajeros achacan a la empresa no haber hecho lo suficiente para respetar las reglas sanitarias a bordo.<\/p>\n<p>El crucero transportaba en marzo de 2020 a 2.300 pasajeros cuando se vio obligado a permanecer en el mar sin poder atracar en la mayor\u00eda de las islas en las que hab\u00eda previsto hacerlo por culpa de la pandemia y entre las que se inclu\u00edan Trinidad y Tobago, Granada, Barbados y Santa Luc\u00eda. EFE<\/p>\n<p>\u00a9 EFE 2021. Est\u00e1 expresamente prohibida la redistribuci\u00f3n y la redifusi\u00f3n de todo o parte de los contenidos de los servicios de Efe, sin previo y expreso consentimiento de la Agencia EFE S.A.<\/p>\n<\/p><\/div>\n\n<p><em> &#8221; Fuentes www.swissinfo.ch &#8221; <\/em><\/p>\n","protected":false},"excerpt":{"rendered":"<p>Este contenido fue publicado el 23 febrero 2021 &#8211; 16:08 23 febrero 2021 &#8211; 16:08 Par\u00eds, 23 feb (EFE).- La Justicia francesa ha abierto una investigaci\u00f3n despu\u00e9s de recibir numerosas denuncias relacionadas con la gesti\u00f3n de la covid en un crucero que navegaba en el Caribe en marzo de 2020 y en el que fallecieron [&hellip;]<\/p>\n","protected":false},"author":4,"featured_media":0,"comment_status":"open","ping_status":"closed","sticky":false,"template":"","format":"standard","meta":{"om_disable_all_campaigns":false,"jnews-multi-image_gallery":[],"jnews_single_post":[],"jnews_primary_category":[],"jnews_social_meta":[],"footnotes":""},"categories":[41],"tags":[],"class_list":["post-85639","post","type-post","status-publish","format-standard","hentry","category-cruceros"],"_links":{"self":[{"href":"https:\/\/dimensionturistica.com\/es\/wp-json\/wp\/v2\/posts\/85639","targetHints":{"allow":["GET"]}}],"collection":[{"href":"https:\/\/dimensionturistica.com\/es\/wp-json\/wp\/v2\/posts"}],"about":[{"href":"https:\/\/dimensionturistica.com\/es\/wp-json\/wp\/v2\/types\/post"}],"author":[{"embeddable":true,"href":"https:\/\/dimensionturistica.com\/es\/wp-json\/wp\/v2\/users\/4"}],"replies":[{"embeddable":true,"href":"https:\/\/dimensionturistica.com\/es\/wp-json\/wp\/v2\/comments?post=85639"}],"version-history":[{"count":0,"href":"https:\/\/dimensionturistica.com\/es\/wp-json\/wp\/v2\/posts\/85639\/revisions"}],"wp:attachment":[{"href":"https:\/\/dimensionturistica.com\/es\/wp-json\/wp\/v2\/media?parent=85639"}],"wp:term":[{"taxonomy":"category","embeddable":true,"href":"https:\/\/dimensionturistica.com\/es\/wp-json\/wp\/v2\/categories?post=85639"},{"taxonomy":"post_tag","embeddable":true,"href":"https:\/\/dimensionturistica.com\/es\/wp-json\/wp\/v2\/tags?post=85639"}],"curies":[{"name":"wp","href":"https:\/\/api.w.org\/{rel}","templated":true}]}}