{"id":85602,"date":"2021-02-23T15:07:03","date_gmt":"2021-02-23T15:07:03","guid":{"rendered":"https:\/\/dimensionturistica.com\/es\/?p=85602"},"modified":"2021-02-23T15:07:04","modified_gmt":"2021-02-23T15:07:04","slug":"belice-espera-la-reanudacion-de-la-recalada-de-cruceros-en-mayo","status":"publish","type":"post","link":"https:\/\/dimensionturistica.com\/es\/belice-espera-la-reanudacion-de-la-recalada-de-cruceros-en-mayo\/","title":{"rendered":"Belice espera la reanudaci\u00f3n de la recalada de cruceros en mayo"},"content":{"rendered":"<p> <br \/>\n<\/p>\n<div style=\"margin-top:0px;\">\n<hr\/>\n<p style=\"text-align: justify;\"><strong>Anthony Mahler, ministro de Turismo de Belice,<\/strong> asegur\u00f3 que el pa\u00eds est\u00e1 realizando preparativos para una eventual reanudaci\u00f3n de la recalada de cruceros a fines de mayo o principios de junio, tras reuniones sostenidas con las principales l\u00edneas.<\/p>\n<p style=\"text-align: justify;\"><img decoding=\"async\" loading=\"lazy\" class=\"alignright  wp-image-87926\" src=\"https:\/\/dimensionturistica.com\/es\/wp-content\/uploads\/2021\/02\/Belice-espera-la-reanudacion-de-la-recalada-de-cruceros-en.jpeg\" alt=\"\" width=\"383\" height=\"213\"  \/>En conferencia de prensa, la autoridad explic\u00f3 que el mes de febrero tradicionalmente llegaban mayor cantidad de turistas, pero que la pandemia gener\u00f3 una abrupta ca\u00edda en la actividad.<\/p>\n<p style=\"text-align: justify;\">Mahler sostuvo que una vuelta de la industria de los cruceros generar\u00e1 un impacto inmediato en la econom\u00eda de Belice.<\/p>\n<p style=\"text-align: justify;\">\u201cLa industria est\u00e1 muy por debajo de donde deber\u00eda estar, pero tenemos buenas se\u00f1ales para los pr\u00f3ximos meses ante la llegada de cruceros\u201d, declar\u00f3, agregando que \u201ctuve una larga discusi\u00f3n con la Asociaci\u00f3n de Cruceros del Caribe de Florida a fines de la semana pasada y me comunicaron que los cruceros deber\u00edan regresar a fines de mayo o principios de junio\u201d.<\/p>\n<p style=\"text-align: justify;\">El secretario de Estado record\u00f3 que en un primer momento se estableci\u00f3 con la Asociaci\u00f3n de Cruceros del Caribe de Florida que la vuelta de la industria se concretar\u00eda en octubre o noviembre, por lo que el escenario precise es auspicioso.<\/p>\n<p style=\"text-align: justify;\">Anthony Mahler apunt\u00f3 que no solo esperan el retorno de las l\u00edneas, sino la llegada de n\u00f3madas digitales, que son personas que valoran trabajar desde Belice por un periodo de tiempo.<\/p>\n<p style=\"text-align: justify;\">Es por esto que adelant\u00f3 que el Gobierno de Belice cambiar\u00e1 la normativa que permite la permanencia de extranjeros por un largo periodo de tiempo, que en la actualidad son 30 d\u00edas<\/p>\n<p style=\"text-align: justify;\">\u201cEstamos buscando extenderlo a 90 d\u00edas y luego hasta 180 d\u00edas para que vengan, se queden y trabajen si lo desean bajo una categor\u00eda especial de visitante\u201d, declar\u00f3.<\/p>\n<hr\/>\n<p>\t\t <!-- banner --><br \/>\n<!--\t \n\n<div style=\"margin-top: 15px;\"><\/div>\n\n\n<a rel=\"nofollow noopener\" target=\"_blank\" href=\"https:\/\/www.linkedin.com\/company\/portalcruceros-cl\/\">\n\t<img decoding=\"async\" src=\"https:\/\/dimensionturistica.com\/es\/wp-content\/uploads\/2020\/09\/Knud-E-Hansen-disena-nuevo-crucero-de-expedicion-rompehielos.gif\" \/>\n\t<\/a> --><\/p>\n<p>\t<!-- banner end --><\/p>\n<p>\t\t <!-- notas relacionadas --><\/p>\n<hr\/>\n<div class=\"rel_posts\">\n \u00a0 \u00a0 \u00a0 \u00a0 \u00a0 \u00a0 \u00a0 \u00a0 \u00a0 \u00a0 \u00a0 \u00a0 \u00a0 \u00a0<\/p>\n<p>Sigue navegando<\/p>\n<\/p><\/div>\n<p>\t\t   <!-- fin notas relacionadas --><\/p><\/div>\n\n<p><em> &#8221; Fuentes portalcruceros.cl &#8221; <\/em><\/p>\n","protected":false},"excerpt":{"rendered":"<p>Anthony Mahler, ministro de Turismo de Belice, asegur\u00f3 que el pa\u00eds est\u00e1 realizando preparativos para una eventual reanudaci\u00f3n de la recalada de cruceros a fines de mayo o principios de junio, tras reuniones sostenidas con las principales l\u00edneas. En conferencia de prensa, la autoridad explic\u00f3 que el mes de febrero tradicionalmente llegaban mayor cantidad de [&hellip;]<\/p>\n","protected":false},"author":4,"featured_media":85603,"comment_status":"open","ping_status":"closed","sticky":false,"template":"","format":"standard","meta":{"om_disable_all_campaigns":false,"jnews-multi-image_gallery":[],"jnews_single_post":[],"jnews_primary_category":[],"jnews_social_meta":[],"footnotes":""},"categories":[41],"tags":[],"class_list":["post-85602","post","type-post","status-publish","format-standard","has-post-thumbnail","hentry","category-cruceros"],"_links":{"self":[{"href":"https:\/\/dimensionturistica.com\/es\/wp-json\/wp\/v2\/posts\/85602","targetHints":{"allow":["GET"]}}],"collection":[{"href":"https:\/\/dimensionturistica.com\/es\/wp-json\/wp\/v2\/posts"}],"about":[{"href":"https:\/\/dimensionturistica.com\/es\/wp-json\/wp\/v2\/types\/post"}],"author":[{"embeddable":true,"href":"https:\/\/dimensionturistica.com\/es\/wp-json\/wp\/v2\/users\/4"}],"replies":[{"embeddable":true,"href":"https:\/\/dimensionturistica.com\/es\/wp-json\/wp\/v2\/comments?post=85602"}],"version-history":[{"count":0,"href":"https:\/\/dimensionturistica.com\/es\/wp-json\/wp\/v2\/posts\/85602\/revisions"}],"wp:featuredmedia":[{"embeddable":true,"href":"https:\/\/dimensionturistica.com\/es\/wp-json\/wp\/v2\/media\/85603"}],"wp:attachment":[{"href":"https:\/\/dimensionturistica.com\/es\/wp-json\/wp\/v2\/media?parent=85602"}],"wp:term":[{"taxonomy":"category","embeddable":true,"href":"https:\/\/dimensionturistica.com\/es\/wp-json\/wp\/v2\/categories?post=85602"},{"taxonomy":"post_tag","embeddable":true,"href":"https:\/\/dimensionturistica.com\/es\/wp-json\/wp\/v2\/tags?post=85602"}],"curies":[{"name":"wp","href":"https:\/\/api.w.org\/{rel}","templated":true}]}}