{"id":85489,"date":"2021-02-23T10:27:32","date_gmt":"2021-02-23T10:27:32","guid":{"rendered":"https:\/\/dimensionturistica.com\/es\/?p=85489"},"modified":"2021-02-23T10:27:32","modified_gmt":"2021-02-23T10:27:32","slug":"lloyd-werft-podria-cerrar-a-fin-de-ano-debido-a-efectos-de-la-pandemia","status":"publish","type":"post","link":"https:\/\/dimensionturistica.com\/es\/lloyd-werft-podria-cerrar-a-fin-de-ano-debido-a-efectos-de-la-pandemia\/","title":{"rendered":"Lloyd Werft podr\u00eda cerrar a fin de a\u00f1o debido a efectos de la pandemia"},"content":{"rendered":"<p> <br \/>\n<\/p>\n<div>\n<hr\/>\n<p style=\"text-align: justify;\"><img decoding=\"async\" loading=\"lazy\" class=\"size-medium wp-image-177322 alignleft\" src=\"https:\/\/dimensionturistica.com\/es\/wp-content\/uploads\/2021\/02\/Lloyd-Werft-podria-cerrar-a-fin-de-ano-debido-a.jpg\" alt=\"\" width=\"330\" height=\"207\"  \/>El astillero alem\u00e1n\u00a0<strong>Lloyd Werft<\/strong>, situado en\u00a0<strong>Bremerhaven<\/strong>, podr\u00eda cerrar a finales de a\u00f1o, debido a los efectos negativos que caus\u00f3 en la industria la pandemia de Covid-19.<\/p>\n<p style=\"text-align: justify;\">El recinto, que es un dique seco clave para cruceros y ha estado involucrado en nuevas construcciones a lo largo de los a\u00f1os, fue adquirido por Genting en 2015, consign\u00f3 <strong>Cruise Business Information.<\/strong><\/p>\n<p style=\"text-align: justify;\">La fuerza laboral del astillero fue informada de que el astillero podr\u00eda cerrar a fin de a\u00f1o debido a una recesi\u00f3n significativa en el negocio.<\/p>\n<p style=\"text-align: justify;\">Adem\u00e1s, se pidi\u00f3 a los trabajadores que entablaran negociaciones para ayudar a mantener abierto el astillero.<\/p>\n<p style=\"text-align: justify;\">Sin embargo, informes de noticias alemanes se\u00f1alaron que hay un posible comprador para el lugar.<\/p>\n<hr\/>\n<p>\u00a0<\/p>\n<\/p><\/div>\n\n<p><em> &#8221; Fuentes portalportuario.cl &#8221; <\/em><\/p>\n","protected":false},"excerpt":{"rendered":"<p>El astillero alem\u00e1n\u00a0Lloyd Werft, situado en\u00a0Bremerhaven, podr\u00eda cerrar a finales de a\u00f1o, debido a los efectos negativos que caus\u00f3 en la industria la pandemia de Covid-19. El recinto, que es un dique seco clave para cruceros y ha estado involucrado en nuevas construcciones a lo largo de los a\u00f1os, fue adquirido por Genting en 2015, [&hellip;]<\/p>\n","protected":false},"author":4,"featured_media":85490,"comment_status":"open","ping_status":"closed","sticky":false,"template":"","format":"standard","meta":{"om_disable_all_campaigns":false,"jnews-multi-image_gallery":[],"jnews_single_post":[],"jnews_primary_category":[],"jnews_social_meta":[],"footnotes":""},"categories":[41],"tags":[],"class_list":["post-85489","post","type-post","status-publish","format-standard","has-post-thumbnail","hentry","category-cruceros"],"_links":{"self":[{"href":"https:\/\/dimensionturistica.com\/es\/wp-json\/wp\/v2\/posts\/85489","targetHints":{"allow":["GET"]}}],"collection":[{"href":"https:\/\/dimensionturistica.com\/es\/wp-json\/wp\/v2\/posts"}],"about":[{"href":"https:\/\/dimensionturistica.com\/es\/wp-json\/wp\/v2\/types\/post"}],"author":[{"embeddable":true,"href":"https:\/\/dimensionturistica.com\/es\/wp-json\/wp\/v2\/users\/4"}],"replies":[{"embeddable":true,"href":"https:\/\/dimensionturistica.com\/es\/wp-json\/wp\/v2\/comments?post=85489"}],"version-history":[{"count":0,"href":"https:\/\/dimensionturistica.com\/es\/wp-json\/wp\/v2\/posts\/85489\/revisions"}],"wp:featuredmedia":[{"embeddable":true,"href":"https:\/\/dimensionturistica.com\/es\/wp-json\/wp\/v2\/media\/85490"}],"wp:attachment":[{"href":"https:\/\/dimensionturistica.com\/es\/wp-json\/wp\/v2\/media?parent=85489"}],"wp:term":[{"taxonomy":"category","embeddable":true,"href":"https:\/\/dimensionturistica.com\/es\/wp-json\/wp\/v2\/categories?post=85489"},{"taxonomy":"post_tag","embeddable":true,"href":"https:\/\/dimensionturistica.com\/es\/wp-json\/wp\/v2\/tags?post=85489"}],"curies":[{"name":"wp","href":"https:\/\/api.w.org\/{rel}","templated":true}]}}