{"id":854504,"date":"2024-10-03T10:15:04","date_gmt":"2024-10-03T10:15:04","guid":{"rendered":"https:\/\/dimensionturistica.com\/es\/?p=854504"},"modified":"2024-10-03T10:15:04","modified_gmt":"2024-10-03T10:15:04","slug":"actualizaciones-relevantes-para-profesionales-del-sector-turistico-2","status":"publish","type":"post","link":"https:\/\/dimensionturistica.com\/es\/actualizaciones-relevantes-para-profesionales-del-sector-turistico-2\/","title":{"rendered":"Actualizaciones Relevantes para Profesionales del Sector Tur\u00edstico"},"content":{"rendered":"<p><strong>Verano Joven: Una Oportunidad Inigualable para Explorar en Grupo<\/strong><\/p>\n<p>El verano es sin\u00f3nimo de aventura, relajaci\u00f3n y descubrimiento. Cada a\u00f1o, miles de j\u00f3venes se embarcan en viajes que no solo enriquecen su conocimiento del mundo, sino que tambi\u00e9n crean lazos inquebrantables con sus compa\u00f1eros de viaje. En este contexto, el programa &quot;Verano Joven&quot; ha ganado una popularidad sin precedentes, conectando a m\u00e1s de 5,2 millones de viajeros a trav\u00e9s de experiencias inolvidables en trenes y autobuses por toda Espa\u00f1a.<\/p>\n<p>Este innovador programa se ha dise\u00f1ado para ofrecer a los j\u00f3venes la oportunidad de explorar destinos emblem\u00e1ticos a precios accesibles, facilitando as\u00ed que puedan descubrir la belleza de su propio pa\u00eds. Desde las playas soleadas del Mediterr\u00e1neo hasta las majestuosas monta\u00f1as de los Pirineos, &quot;Verano Joven&quot; se presenta como una puerta abierta a un mundo de posibilidades.<\/p>\n<p>Uno de los aspectos m\u00e1s destacados de esta iniciativa es su enfoque en la sostenibilidad. Viajar en tren y autob\u00fas no solo es una forma de movernos, sino que tambi\u00e9n ayuda a reducir la huella de carbono, incentivando un estilo de vida m\u00e1s responsable entre las nuevas generaciones. Adem\u00e1s, las rutas est\u00e1n cuidadosamente seleccionadas para incluir paradas en localidades que suelen estar fuera del radar tur\u00edstico, impulsando el desarrollo de comunidades locales y fomentando el turismo rural.<\/p>\n<p>Los viajeros tienen la opci\u00f3n de elegir entre una amplia variedad de destinos, lo que significa que hay algo para cada gusto. Desde visitas culturales a museos y monumentos hist\u00f3ricos, hasta actividades al aire libre como senderismo, deportes acu\u00e1ticos y festivales, cada escapada est\u00e1 dise\u00f1ada para ofrecer algo \u00fanico y emocionante. Las posibilidades son infinitas, y el programa permite a los j\u00f3venes personalizar sus itinerarios seg\u00fan sus intereses.<\/p>\n<p>Otro elemento fundamental del &quot;Verano Joven&quot; es brindar oportunidades de socializaci\u00f3n. En cada viaje, los j\u00f3venes tienen la chance de interactuar con otros viajeros, intercambiar experiencias y formar nuevas amistades. Este aspecto social es crucial, ya que las conexiones humanas son parte integral de cualquier viaje. Las actividades grupales, como talleres y excursiones guiadas, fomentan el trabajo en equipo y crean un ambiente propicio para el aprendizaje y la diversi\u00f3n compartida.<\/p>\n<p>A medida que el mundo se adapta a una nueva normalidad, iniciativas como esta promueven no solo el turismo, sino tambi\u00e9n el bienestar emocional de los j\u00f3venes. Los viajes permiten desconectar de la rutina diaria, explorar nuevos horizontes y, sobre todo, disfrutar de momentos que quedar\u00e1n grabados para siempre en la memoria.<\/p>\n<p>Si eres un joven aventurero, &quot;Verano Joven&quot; se presenta como el plan perfecto para tus vacaciones. Ya sea que te atraigan las costas espa\u00f1olas, los paisajes monta\u00f1osos o la vibrante cultura urbana, este programa seguro que ofrecer\u00e1 la experiencia que est\u00e1s buscando. Prep\u00e1rate para subirte a un autob\u00fas o a un tren y empezara tu pr\u00f3xima aventura, porque el verano es tuyo para explorarlo. <\/p>\n<p>As\u00ed que emb\u00e1rcate en la experiencia &quot;Verano Joven&quot; y descubre que el mundo est\u00e1 m\u00e1s cerca de lo que piensas, solo tienes que dar el primer paso. \u00a1Las mejores historias y recuerdos te est\u00e1n esperando!<\/p>\n<p><em> &#8221; Sources www.agenttravel.es &#8221; <\/em><\/p>\n<p><em> &#8221; Fuentes www.agenttravel.es &#8221; <\/em><\/p>\n","protected":false},"excerpt":{"rendered":"<p>Verano Joven: Una Oportunidad Inigualable para Explorar en Grupo El verano es sin\u00f3nimo de aventura, relajaci\u00f3n y descubrimiento. Cada a\u00f1o, miles de j\u00f3venes se embarcan en viajes que no solo enriquecen su conocimiento del mundo, sino que tambi\u00e9n crean lazos inquebrantables con sus compa\u00f1eros de viaje. En este contexto, el programa &quot;Verano Joven&quot; ha ganado [&hellip;]<\/p>\n","protected":false},"author":4,"featured_media":854505,"comment_status":"open","ping_status":"closed","sticky":false,"template":"","format":"standard","meta":{"om_disable_all_campaigns":false,"jnews-multi-image_gallery":[],"jnews_single_post":[],"jnews_primary_category":[],"jnews_social_meta":[],"footnotes":""},"categories":[39],"tags":[707,569,21191,3225,9288,47338,47339,715,1289,1296,47340,39936,6942,705,21552,47337,773,1103,26265,5794,18737,2182,544,1488,545],"class_list":["post-854504","post","type-post","status-publish","format-standard","has-post-thumbnail","hentry","category-viajes","tag-actualidad","tag-agencias-de-viajes","tag-agente-de-viajes","tag-agentes-de-viaje","tag-companias-aereas","tag-diario-de-turismo","tag-diario-turistico","tag-economia","tag-hoteles","tag-industria-turistica","tag-informacion-de-turismo","tag-informacion-turistica","tag-mayoristas","tag-noticias","tag-noticias-de-turismo","tag-noticias-turisticas","tag-opinion","tag-profesional","tag-rent-a-car","tag-sector-aereo","tag-seguros-de-viaje","tag-tendencias","tag-turismo","tag-turoperadores","tag-viajes"],"_links":{"self":[{"href":"https:\/\/dimensionturistica.com\/es\/wp-json\/wp\/v2\/posts\/854504","targetHints":{"allow":["GET"]}}],"collection":[{"href":"https:\/\/dimensionturistica.com\/es\/wp-json\/wp\/v2\/posts"}],"about":[{"href":"https:\/\/dimensionturistica.com\/es\/wp-json\/wp\/v2\/types\/post"}],"author":[{"embeddable":true,"href":"https:\/\/dimensionturistica.com\/es\/wp-json\/wp\/v2\/users\/4"}],"replies":[{"embeddable":true,"href":"https:\/\/dimensionturistica.com\/es\/wp-json\/wp\/v2\/comments?post=854504"}],"version-history":[{"count":0,"href":"https:\/\/dimensionturistica.com\/es\/wp-json\/wp\/v2\/posts\/854504\/revisions"}],"wp:featuredmedia":[{"embeddable":true,"href":"https:\/\/dimensionturistica.com\/es\/wp-json\/wp\/v2\/media\/854505"}],"wp:attachment":[{"href":"https:\/\/dimensionturistica.com\/es\/wp-json\/wp\/v2\/media?parent=854504"}],"wp:term":[{"taxonomy":"category","embeddable":true,"href":"https:\/\/dimensionturistica.com\/es\/wp-json\/wp\/v2\/categories?post=854504"},{"taxonomy":"post_tag","embeddable":true,"href":"https:\/\/dimensionturistica.com\/es\/wp-json\/wp\/v2\/tags?post=854504"}],"curies":[{"name":"wp","href":"https:\/\/api.w.org\/{rel}","templated":true}]}}