{"id":85371,"date":"2021-02-23T02:32:34","date_gmt":"2021-02-23T02:32:34","guid":{"rendered":"https:\/\/dimensionturistica.com\/es\/?p=85371"},"modified":"2021-02-23T02:32:34","modified_gmt":"2021-02-23T02:32:34","slug":"nino-muere-atropellado-en-vallarta-y-juan-palomar","status":"publish","type":"post","link":"https:\/\/dimensionturistica.com\/es\/nino-muere-atropellado-en-vallarta-y-juan-palomar\/","title":{"rendered":"Ni\u00f1o muere atropellado en Vallarta y Juan Palomar"},"content":{"rendered":"<p> <br \/>\n<\/p>\n<div>\n<p>Un ni\u00f1o de cinco a\u00f1os de edad perdi\u00f3 la vida despu\u00e9s de ser arrollado por una camioneta de reparto en el cruce de Vallarta y Juan Palomar y Arias. El menor junto con su familia ped\u00eda limosnas en este crucero.<br \/>Se inform\u00f3 que el ni\u00f1o cruzaba los carriles de Vallarta en el sentido de poniente a oriente cuando la luz del sem\u00e1foro ya daba el siga a los veh\u00edculos, momento en que una camioneta lo golpe\u00f3 y pas\u00f3 por encima.<br \/>El conductor del veh\u00edculo se detuvo para hacerse responsable del percance y a pesar que otros automovilistas y testigos se comenzaron a portar de manera agresiva con \u00e9l. En el sitio tambi\u00e9n permanecieron familiares del ni\u00f1o fallecido. (Por H\u00e9ctor Escamilla Ram\u00edrez)<\/p>\n<p> <!--social share-->\n<\/div>\n<p><script async defer crossorigin=\"anonymous\" src=\"https:\/\/connect.facebook.net\/es_LA\/sdk.js#xfbml=1&#038;version=v7.0&#038;appId=143104535751409&#038;autoLogAppEvents=1\" nonce=\"5illxx41\"><\/script><br \/>\n<br \/><\/p>\n<p><em> &#8221; Fuentes www.notisistema.com &#8221; <\/em><\/p>\n","protected":false},"excerpt":{"rendered":"<p>Un ni\u00f1o de cinco a\u00f1os de edad perdi\u00f3 la vida despu\u00e9s de ser arrollado por una camioneta de reparto en el cruce de Vallarta y Juan Palomar y Arias. El menor junto con su familia ped\u00eda limosnas en este crucero.Se inform\u00f3 que el ni\u00f1o cruzaba los carriles de Vallarta en el sentido de poniente a [&hellip;]<\/p>\n","protected":false},"author":4,"featured_media":85372,"comment_status":"open","ping_status":"closed","sticky":false,"template":"","format":"standard","meta":{"om_disable_all_campaigns":false,"jnews-multi-image_gallery":[],"jnews_single_post":[],"jnews_primary_category":[],"jnews_social_meta":[],"footnotes":""},"categories":[41],"tags":[],"class_list":["post-85371","post","type-post","status-publish","format-standard","has-post-thumbnail","hentry","category-cruceros"],"_links":{"self":[{"href":"https:\/\/dimensionturistica.com\/es\/wp-json\/wp\/v2\/posts\/85371","targetHints":{"allow":["GET"]}}],"collection":[{"href":"https:\/\/dimensionturistica.com\/es\/wp-json\/wp\/v2\/posts"}],"about":[{"href":"https:\/\/dimensionturistica.com\/es\/wp-json\/wp\/v2\/types\/post"}],"author":[{"embeddable":true,"href":"https:\/\/dimensionturistica.com\/es\/wp-json\/wp\/v2\/users\/4"}],"replies":[{"embeddable":true,"href":"https:\/\/dimensionturistica.com\/es\/wp-json\/wp\/v2\/comments?post=85371"}],"version-history":[{"count":0,"href":"https:\/\/dimensionturistica.com\/es\/wp-json\/wp\/v2\/posts\/85371\/revisions"}],"wp:featuredmedia":[{"embeddable":true,"href":"https:\/\/dimensionturistica.com\/es\/wp-json\/wp\/v2\/media\/85372"}],"wp:attachment":[{"href":"https:\/\/dimensionturistica.com\/es\/wp-json\/wp\/v2\/media?parent=85371"}],"wp:term":[{"taxonomy":"category","embeddable":true,"href":"https:\/\/dimensionturistica.com\/es\/wp-json\/wp\/v2\/categories?post=85371"},{"taxonomy":"post_tag","embeddable":true,"href":"https:\/\/dimensionturistica.com\/es\/wp-json\/wp\/v2\/tags?post=85371"}],"curies":[{"name":"wp","href":"https:\/\/api.w.org\/{rel}","templated":true}]}}