{"id":85368,"date":"2021-02-23T02:22:04","date_gmt":"2021-02-23T02:22:04","guid":{"rendered":"https:\/\/dimensionturistica.com\/es\/?p=85368"},"modified":"2021-02-23T02:22:04","modified_gmt":"2021-02-23T02:22:04","slug":"dos-fundos-resultaron-afectados-por-ataques-incendiarios-en-lautaro","status":"publish","type":"post","link":"https:\/\/dimensionturistica.com\/es\/dos-fundos-resultaron-afectados-por-ataques-incendiarios-en-lautaro\/","title":{"rendered":"Dos fundos resultaron afectados por ataques incendiarios en Lautaro"},"content":{"rendered":"<p> <br \/>\n<\/p>\n<div id=\"cuerpo-ad\">\n<p><strong>Dos ataques incendiarios se registraron en la comuna de Lautaro<\/strong>, Regi\u00f3n de La Araucan\u00eda, en las \u00faltimas horas.<\/p>\n<p>Se trat\u00f3 de los fundos Miraflores y el Crucero, los cuales quedan cercanos el uno del otro, y <strong>ambas viviendas resultaron completamente quemadas<\/strong>.<\/p>\n<p>Tambi\u00e9n se report\u00f3 la quema de un\u00a0<strong>veh\u00edculo y cerca de ocho maquinaria agr\u00edcola<\/strong>.<\/p>\n<p>De acuerdo a antecedentes preliminares, un grupo indeterminado de sujetos encapuchados llegaron hasta el sector para <strong>amenazar a los moradores<\/strong> e incendiar ambos fundos, quienes -seg\u00fan testigos- <strong>se fueron del lugar efectuando disparos<\/strong>.\u00a0<\/p>\n<p>La investigaci\u00f3n est\u00e1 en pleno desarrollo por parte de Carabineros y se sum\u00f3 tambi\u00e9n un equipo de la Polic\u00eda de Investigaciones.<\/p>\n<blockquote class=\"twitter-tweet\">\n<p dir=\"ltr\" lang=\"es\">LAUTARO:<br \/>P\u00e9rdidas totales dej\u00f3 ataque incendiario a viviendas y veh\u00edculos en los fundos Miraflores y Crucero de Lautaro. Agricultores llamaron a defenderse usando armas de fuego.<a rel=\"nofollow noopener\" target=\"_blank\" href=\"https:\/\/twitter.com\/Cooperativa?ref_src=twsrc%5Etfw\">@Cooperativa<\/a> <a rel=\"nofollow noopener\" target=\"_blank\" href=\"https:\/\/t.co\/DAV35pao3n\">pic.twitter.com\/DAV35pao3n<\/a><\/p>\n<p>\u2014 Claudio Ar\u00e9valo (@arevaloprensa) <a rel=\"nofollow noopener\" target=\"_blank\" href=\"https:\/\/twitter.com\/arevaloprensa\/status\/1363834567531061252?ref_src=twsrc%5Etfw\">February 22, 2021<\/a><\/p><\/blockquote>\n<blockquote class=\"twitter-tweet\"\/>\n<p>El Prefecto de Carabineros <strong>Richard Guti\u00e9rrez<\/strong> detall\u00f3 el hecho al manifestar que &#8220;<strong>un grupo de 15 individuos encapuchados ingresaron en primera instancia a la casa del cuidador del fundo<\/strong>, esta persona se encontraba con su familia, sus hijos&#8221;.<\/p>\n<p>&#8220;Posteriormente se dirigieron a la casa patronal, lugar donde se encontraba durmiendo la propietaria del fundo a quien amenazaron, <strong>ingresaron al inmueble seis personas con armas de fuego, la combinaron a salir del inmueble y posteriormente incendiaron la casa, una bodega y un autom\u00f3vil&#8221;<\/strong>, agreg\u00f3 el funcionario.<\/p>\n<p><span style=\"text-decoration: underline;\"><em><strong>SIN DETENIDOS Y P\u00c9RDIDAS MILLONARIAS<\/strong><\/em><\/span><\/p>\n<p><strong>No hubo personas lesionadas en el ataque,<\/strong> sin embargo, los da\u00f1os y las p\u00e9rdidas fueron millonarias seg\u00fan reportaron los propietarios de los inmuebles afectados.<\/p>\n<p>El intendente de la Araucan\u00eda, <strong>V\u00edctor Manoli (RN)<\/strong>, expres\u00f3 preocupaci\u00f3n y molestia por la situaci\u00f3n al se\u00f1alar que &#8220;distintas familias sufriendo la p\u00e9rdida de una casa, galpones y maquinaria. <strong>\u00a1Hasta cu\u00e1ndo estos sujetos seguir\u00e1n haci\u00e9ndole da\u00f1o a nuestra regi\u00f3n!&#8221;<\/strong>.<\/p>\n<p>&#8220;Desconocidos quemaron un galp\u00f3n con maquinaria en el fundo &#8220;El Crucero&#8221; de la comuna de Lautaro. Hubo un ataque en el fundo &#8220;Vaca Sagrada&#8221; de Radal, donde quemaron siete maquinarias y dejaron un panfleto. <strong>Estos hechos son un espiral de violencia que condenamos tajantemente&#8221;<\/strong>, agreg\u00f3 Manoli.<\/p>\n<p><strong>Hasta el momento no existen personas detenidas<\/strong> por estos hechos de violencia pese al amplio despliegue de las polic\u00edas.<\/p>\n<p>Por su parte, la bancada de parlamentarios de <strong>Ev\u00f3poli<\/strong> solicit\u00f3 en las \u00faltimas horas que el ministro del Inside, <strong>Rodrigo Delgado<\/strong>, viaje hasta la Araucan\u00eda y se quede por lo menos un mes para encabezar el desarrollo de las indagatorias y las investigaciones por parte del Ministerio P\u00fablico y tambi\u00e9n de ambas polic\u00edas.<\/p>\n<p>Se espera tambi\u00e9n que los agricultores de la regi\u00f3n <strong>presenten una queja ante las autoridades del gobierno<\/strong> a ra\u00edz de estos hechos de violencia en la macrozona sur del pa\u00eds.<\/p>\n<\/div>\n<p><script async src=\"\/\/platform.twitter.com\/widgets.js\" charset=\"utf-8\"><\/script><br \/>\n<br \/><\/p>\n<p><em> &#8221; Fuentes cooperativa.cl &#8221; <\/em><\/p>\n","protected":false},"excerpt":{"rendered":"<p>Dos ataques incendiarios se registraron en la comuna de Lautaro, Regi\u00f3n de La Araucan\u00eda, en las \u00faltimas horas. Se trat\u00f3 de los fundos Miraflores y el Crucero, los cuales quedan cercanos el uno del otro, y ambas viviendas resultaron completamente quemadas. Tambi\u00e9n se report\u00f3 la quema de un\u00a0veh\u00edculo y cerca de ocho maquinaria agr\u00edcola. De [&hellip;]<\/p>\n","protected":false},"author":4,"featured_media":85369,"comment_status":"open","ping_status":"closed","sticky":false,"template":"","format":"standard","meta":{"om_disable_all_campaigns":false,"jnews-multi-image_gallery":[],"jnews_single_post":[],"jnews_primary_category":[],"jnews_social_meta":[],"footnotes":""},"categories":[41],"tags":[1794,18013],"class_list":["post-85368","post","type-post","status-publish","format-standard","has-post-thumbnail","hentry","category-cruceros","tag-pais","tag-region-de-la-araucania"],"_links":{"self":[{"href":"https:\/\/dimensionturistica.com\/es\/wp-json\/wp\/v2\/posts\/85368","targetHints":{"allow":["GET"]}}],"collection":[{"href":"https:\/\/dimensionturistica.com\/es\/wp-json\/wp\/v2\/posts"}],"about":[{"href":"https:\/\/dimensionturistica.com\/es\/wp-json\/wp\/v2\/types\/post"}],"author":[{"embeddable":true,"href":"https:\/\/dimensionturistica.com\/es\/wp-json\/wp\/v2\/users\/4"}],"replies":[{"embeddable":true,"href":"https:\/\/dimensionturistica.com\/es\/wp-json\/wp\/v2\/comments?post=85368"}],"version-history":[{"count":0,"href":"https:\/\/dimensionturistica.com\/es\/wp-json\/wp\/v2\/posts\/85368\/revisions"}],"wp:featuredmedia":[{"embeddable":true,"href":"https:\/\/dimensionturistica.com\/es\/wp-json\/wp\/v2\/media\/85369"}],"wp:attachment":[{"href":"https:\/\/dimensionturistica.com\/es\/wp-json\/wp\/v2\/media?parent=85368"}],"wp:term":[{"taxonomy":"category","embeddable":true,"href":"https:\/\/dimensionturistica.com\/es\/wp-json\/wp\/v2\/categories?post=85368"},{"taxonomy":"post_tag","embeddable":true,"href":"https:\/\/dimensionturistica.com\/es\/wp-json\/wp\/v2\/tags?post=85368"}],"curies":[{"name":"wp","href":"https:\/\/api.w.org\/{rel}","templated":true}]}}