{"id":85298,"date":"2021-02-22T21:31:37","date_gmt":"2021-02-22T21:31:37","guid":{"rendered":"https:\/\/dimensionturistica.com\/es\/?p=85298"},"modified":"2021-02-22T21:31:37","modified_gmt":"2021-02-22T21:31:37","slug":"la-araucania-victimas-de-violencia-rural-denuncian-absoluta-ausencia-de-cristian-barra","status":"publish","type":"post","link":"https:\/\/dimensionturistica.com\/es\/la-araucania-victimas-de-violencia-rural-denuncian-absoluta-ausencia-de-cristian-barra\/","title":{"rendered":"La Araucan\u00eda: V\u00edctimas de violencia rural denuncian &#8220;absoluta ausencia&#8221; de Cristi\u00e1n Barra"},"content":{"rendered":"<p> <br \/>\n<\/p>\n<div id=\"cuerpo-ad\">\n<p style=\"text-align: justify;\">El presidente de la Asociaci\u00f3n de V\u00edctimas de Violencia Rural, <strong>Alejo Apraiz<\/strong>, present\u00f3 este lunes una queja ante las autoridades del Gobierno a ra\u00edz <a rel=\"nofollow noopener\" target=\"_blank\" href=\"https:\/\/www.cooperativa.cl\/noticias\/pais\/region-de-la-araucania\/dos-fundos-resultaron-afectados-por-ataques-incendiarios-en-lautaro\/2021-02-22\/105558.html\"><strong>la seguidilla de ataques incendiarios que han ocurrido en las \u00faltimas horas en La Araucan\u00eda<\/strong><\/a> y\u00a0denunci\u00f3 la<strong> &#8220;absoluta ausencia&#8221; del delegado presidencial para la macrozona sur, Cristi\u00e1n Barra.<\/strong><\/p>\n<p style=\"text-align: justify;\">Han sido <strong>al menos cuatro atentados los reportados en menos de 24 horas<\/strong> en la regi\u00f3n sure\u00f1a, los cuales han terminado con <strong>maquinaria y viviendas quemadas<\/strong>, dos de ellas en los fundos <strong>Miraflores <\/strong>y <strong>El Crucero<\/strong>, los cuales quedan cercanos el uno del otro, en la comuna de<strong> Lautaro<\/strong>.<\/p>\n<p style=\"text-align: justify;\">Los ataques han llevado a gremios agricultores y forestales, adem\u00e1s de la bancada de diputados de Ev\u00f3poli, a solicitar al <strong>Presidente Sebasti\u00e1n Pi\u00f1era<\/strong> que mandate al ministro del Inside, <strong>Rodrigo Delgado, a permanecer en La Araucan\u00eda por al menos un mes<\/strong>\u00a0y que, desde este lugar,\u00a0encabece el desarrollo de las indagatorias y las investigaciones por parte del Ministerio P\u00fablico y tambi\u00e9n de ambas polic\u00edas.<\/p>\n<p style=\"text-align: justify;\"><strong>&#8220;El coordinador de la macrozona sur ha estado ausente absolutamente.<\/strong> Este fin de semana en La Araucan\u00eda fue de terror: hubo tomas, quemas de rastrojos y de galpones y, hoy en la ma\u00f1ana, terminamos con la quema de esta casa&#8221;, dijo Apraiz esta tarde.<\/p>\n<p style=\"text-align: justify;\">&#8220;Creemos que <strong>el delegado presidencial qued\u00f3 absolutamente sobrepasado y necesitamos una persona de peso como el ministro del Interior que se haga presente en La Araucan\u00eda para poder, de una vez por todas, ponerle un pare a lo que significa el terrorismo&#8221;<\/strong>, agreg\u00f3.<\/p>\n<p style=\"text-align: justify;\">M\u00e1s temprano, el intendente de la Araucan\u00eda, <strong>V\u00edctor Manoli<\/strong> (RN), expres\u00f3 preocupaci\u00f3n y molestia por la situaci\u00f3n al se\u00f1alar que &#8220;distintas familias sufriendo la p\u00e9rdida de una casa, galpones y maquinaria.<strong> \u00a1Hasta cu\u00e1ndo estos sujetos seguir\u00e1n haci\u00e9ndole da\u00f1o a nuestra regi\u00f3n!&#8221;.<\/strong><\/p>\n<p style=\"text-align: justify;\">&#8220;Desconocidos quemaron un galp\u00f3n con maquinaria en el fundo &#8220;El Crucero&#8221; de la comuna de Lautaro. Hubo un ataque en el fundo &#8220;Vaca Sagrada&#8221; de Radal, donde quemaron siete maquinarias y dejaron un panfleto. <strong>Estos hechos son un espiral de violencia que condenamos tajantemente&#8221;<\/strong>, enfatiz\u00f3 Manoli.<\/p>\n<p style=\"text-align: justify;\"><strong>Hasta el momento no existen personas detenidas<\/strong> por estos hechos de violencia pese al amplio despliegue de las polic\u00edas.<\/p>\n<\/div>\n\n<p><em> &#8221; Fuentes cooperativa.cl &#8221; <\/em><\/p>\n","protected":false},"excerpt":{"rendered":"<p>El presidente de la Asociaci\u00f3n de V\u00edctimas de Violencia Rural, Alejo Apraiz, present\u00f3 este lunes una queja ante las autoridades del Gobierno a ra\u00edz la seguidilla de ataques incendiarios que han ocurrido en las \u00faltimas horas en La Araucan\u00eda y\u00a0denunci\u00f3 la &#8220;absoluta ausencia&#8221; del delegado presidencial para la macrozona sur, Cristi\u00e1n Barra. Han sido al [&hellip;]<\/p>\n","protected":false},"author":4,"featured_media":85299,"comment_status":"open","ping_status":"closed","sticky":false,"template":"","format":"standard","meta":{"om_disable_all_campaigns":false,"jnews-multi-image_gallery":[],"jnews_single_post":[],"jnews_primary_category":[],"jnews_social_meta":[],"footnotes":""},"categories":[41],"tags":[1794,18013],"class_list":["post-85298","post","type-post","status-publish","format-standard","has-post-thumbnail","hentry","category-cruceros","tag-pais","tag-region-de-la-araucania"],"_links":{"self":[{"href":"https:\/\/dimensionturistica.com\/es\/wp-json\/wp\/v2\/posts\/85298","targetHints":{"allow":["GET"]}}],"collection":[{"href":"https:\/\/dimensionturistica.com\/es\/wp-json\/wp\/v2\/posts"}],"about":[{"href":"https:\/\/dimensionturistica.com\/es\/wp-json\/wp\/v2\/types\/post"}],"author":[{"embeddable":true,"href":"https:\/\/dimensionturistica.com\/es\/wp-json\/wp\/v2\/users\/4"}],"replies":[{"embeddable":true,"href":"https:\/\/dimensionturistica.com\/es\/wp-json\/wp\/v2\/comments?post=85298"}],"version-history":[{"count":0,"href":"https:\/\/dimensionturistica.com\/es\/wp-json\/wp\/v2\/posts\/85298\/revisions"}],"wp:featuredmedia":[{"embeddable":true,"href":"https:\/\/dimensionturistica.com\/es\/wp-json\/wp\/v2\/media\/85299"}],"wp:attachment":[{"href":"https:\/\/dimensionturistica.com\/es\/wp-json\/wp\/v2\/media?parent=85298"}],"wp:term":[{"taxonomy":"category","embeddable":true,"href":"https:\/\/dimensionturistica.com\/es\/wp-json\/wp\/v2\/categories?post=85298"},{"taxonomy":"post_tag","embeddable":true,"href":"https:\/\/dimensionturistica.com\/es\/wp-json\/wp\/v2\/tags?post=85298"}],"curies":[{"name":"wp","href":"https:\/\/api.w.org\/{rel}","templated":true}]}}