{"id":85292,"date":"2021-02-22T21:25:15","date_gmt":"2021-02-22T21:25:15","guid":{"rendered":"https:\/\/dimensionturistica.com\/es\/?p=85292"},"modified":"2021-02-22T21:25:15","modified_gmt":"2021-02-22T21:25:15","slug":"costa-cruises-reinicia-sus-cruceros-a-partir-del-27-de-marzo-con-costa-smeralda","status":"publish","type":"post","link":"https:\/\/dimensionturistica.com\/es\/costa-cruises-reinicia-sus-cruceros-a-partir-del-27-de-marzo-con-costa-smeralda\/","title":{"rendered":"Costa Cruises reinicia sus cruceros a partir del 27 de marzo con Costa Smeralda"},"content":{"rendered":"<p> <br \/>\n<\/p>\n<div style=\"margin-top:0px;\">\n<p><span id=\"more-87837\"\/><strong>Por Redacci\u00f3n PortalPortuario.cl<\/strong><\/p>\n<p><strong>@PortalPortuario<\/strong><\/p>\n<hr\/>\n<p style=\"text-align: justify;\"><strong>Costa Cruises<\/strong>, la compa\u00f1\u00eda italiana de Carnival Company, anunci\u00f3 el reinicio de sus cruceros con la salida del buque insignia <strong>Costa Smeralda<\/strong>, programada para el 27 de marzo.<\/p>\n<p style=\"text-align: justify;\"><img decoding=\"async\" loading=\"lazy\" class=\"alignright  wp-image-85754\" src=\"https:\/\/dimensionturistica.com\/es\/wp-content\/uploads\/2021\/02\/Costa-Cruises-reinicia-sus-cruceros-a-partir-del-27-de.jpg\" alt=\"\" width=\"386\" height=\"257\"  \/>La nave realizar\u00e1 mini cruceros de 3 y 4 d\u00edas o, alternativamente, un crucero de 7 d\u00edas, con escala en Savona, La Spezia, Civitavecchia, N\u00e1poles, Messina y Cagliari.<\/p>\n<p style=\"text-align: justify;\">A partir del 1 de mayo, Costa Smeralda volver\u00e1 a navegar en cruceros de una semana por el Mediterr\u00e1neo occidental, con visitas a Italia (Savona, Civitavecchia y Palermo), Francia (Marsella) y Espa\u00f1a (Barcelona y Palma de Mallorca).<\/p>\n<p style=\"text-align: justify;\">Un segundo barco, el <strong>Costa Luminosa<\/strong>, tambi\u00e9n volver\u00e1 a estar en servicio, saliendo de Trieste a partir del 2 de mayo y al d\u00eda siguiente desde Bari, confirmando su programa de cruceros de una semana en Grecia y Croacia.<\/p>\n<p style=\"text-align: justify;\">Costa est\u00e1 trabajando con las autoridades nacionales y locales de los pa\u00edses incluidos en los itinerarios de sus barcos fuera de Italia para definir los detalles del reinicio de las operaciones de crucero, con medidas mejoradas de salud y seguridad a trav\u00e9s de la implementaci\u00f3n del Protocolo de Seguridad de Costa.<\/p>\n<p style=\"text-align: justify;\">El protocolo contiene medidas operativas relacionadas con todos los aspectos de la experiencia de crucero, tanto a bordo como en tierra, que se implementaron en los \u00faltimos meses de operaciones de crucero. Tales medidas incluyen capacidad limitada, pruebas de hisopo para todos los hu\u00e9spedes y la tripulaci\u00f3n, controles de temperatura al desembarcar y volver a embarcar el barco, excursiones en tierra protegidas, distanciamiento f\u00edsico a bordo y en las terminales de cruceros, nuevas formas de utilizar los servicios a bordo, saneamiento mejorado y servicios m\u00e9dicos, y uso de mascarillas protectoras cuando sea necesario.<\/p>\n<p style=\"text-align: justify;\">Todos los dem\u00e1s cruceros programados hasta finales de mayo, y no incluidos en el programa actualizado, ser\u00e1n cancelados. Costa est\u00e1 en proceso de informar a los agentes de viajes y clientes afectados por los cambios.<\/p>\n<hr\/>\n<p>\t\t <!-- banner --><br \/>\n<!--\t \n\n<div style=\"margin-top: 15px;\"><\/div>\n\n\n<a rel=\"nofollow noopener\" target=\"_blank\" href=\"https:\/\/www.linkedin.com\/company\/portalcruceros-cl\/\">\n\t<img decoding=\"async\" src=\"https:\/\/dimensionturistica.com\/es\/wp-content\/uploads\/2020\/09\/Knud-E-Hansen-disena-nuevo-crucero-de-expedicion-rompehielos.gif\" \/>\n\t<\/a> --><\/p>\n<p>\t<!-- banner end --><\/p>\n<p>\t\t <!-- notas relacionadas --><\/p>\n<hr\/>\n<div class=\"rel_posts\">\n \u00a0 \u00a0 \u00a0 \u00a0 \u00a0 \u00a0 \u00a0 \u00a0 \u00a0 \u00a0 \u00a0 \u00a0 \u00a0 \u00a0<\/p>\n<p>Sigue navegando<\/p>\n<\/p><\/div>\n<p>\t\t   <!-- fin notas relacionadas --><\/p><\/div>\n\n<p><em> &#8221; Fuentes portalcruceros.cl &#8221; <\/em><\/p>\n","protected":false},"excerpt":{"rendered":"<p>Por Redacci\u00f3n PortalPortuario.cl @PortalPortuario Costa Cruises, la compa\u00f1\u00eda italiana de Carnival Company, anunci\u00f3 el reinicio de sus cruceros con la salida del buque insignia Costa Smeralda, programada para el 27 de marzo. La nave realizar\u00e1 mini cruceros de 3 y 4 d\u00edas o, alternativamente, un crucero de 7 d\u00edas, con escala en Savona, La Spezia, [&hellip;]<\/p>\n","protected":false},"author":4,"featured_media":85293,"comment_status":"open","ping_status":"closed","sticky":false,"template":"","format":"standard","meta":{"om_disable_all_campaigns":false,"jnews-multi-image_gallery":[],"jnews_single_post":[],"jnews_primary_category":[],"jnews_social_meta":[],"footnotes":""},"categories":[41],"tags":[],"class_list":["post-85292","post","type-post","status-publish","format-standard","has-post-thumbnail","hentry","category-cruceros"],"_links":{"self":[{"href":"https:\/\/dimensionturistica.com\/es\/wp-json\/wp\/v2\/posts\/85292","targetHints":{"allow":["GET"]}}],"collection":[{"href":"https:\/\/dimensionturistica.com\/es\/wp-json\/wp\/v2\/posts"}],"about":[{"href":"https:\/\/dimensionturistica.com\/es\/wp-json\/wp\/v2\/types\/post"}],"author":[{"embeddable":true,"href":"https:\/\/dimensionturistica.com\/es\/wp-json\/wp\/v2\/users\/4"}],"replies":[{"embeddable":true,"href":"https:\/\/dimensionturistica.com\/es\/wp-json\/wp\/v2\/comments?post=85292"}],"version-history":[{"count":0,"href":"https:\/\/dimensionturistica.com\/es\/wp-json\/wp\/v2\/posts\/85292\/revisions"}],"wp:featuredmedia":[{"embeddable":true,"href":"https:\/\/dimensionturistica.com\/es\/wp-json\/wp\/v2\/media\/85293"}],"wp:attachment":[{"href":"https:\/\/dimensionturistica.com\/es\/wp-json\/wp\/v2\/media?parent=85292"}],"wp:term":[{"taxonomy":"category","embeddable":true,"href":"https:\/\/dimensionturistica.com\/es\/wp-json\/wp\/v2\/categories?post=85292"},{"taxonomy":"post_tag","embeddable":true,"href":"https:\/\/dimensionturistica.com\/es\/wp-json\/wp\/v2\/tags?post=85292"}],"curies":[{"name":"wp","href":"https:\/\/api.w.org\/{rel}","templated":true}]}}