{"id":85284,"date":"2021-02-22T21:14:27","date_gmt":"2021-02-22T21:14:27","guid":{"rendered":"https:\/\/dimensionturistica.com\/es\/?p=85284"},"modified":"2021-02-22T21:14:27","modified_gmt":"2021-02-22T21:14:27","slug":"el-presidente-del-puerto-de-vigo-expone-las-necesidades-en-infraestructuras-al-delegado-del-gobierno-en-galicia","status":"publish","type":"post","link":"https:\/\/dimensionturistica.com\/es\/el-presidente-del-puerto-de-vigo-expone-las-necesidades-en-infraestructuras-al-delegado-del-gobierno-en-galicia\/","title":{"rendered":"El presidente del Puerto de Vigo expone las necesidades en infraestructuras al Delegado del Gobierno en Galicia"},"content":{"rendered":"<p> <br \/>\n<\/p>\n<div>\n<p style=\"text-align: justify;\">El presidente de la Autoridad Portuaria de Vigo, Jes\u00fas V\u00e1zquez Almu\u00ed\u00f1a, ha informado al delegado del Gobierno en Galicia, Javier Losada de la situaci\u00f3n precise de estas instalaciones y las infraestructuras necesarias para su crecimiento a corto-medio plazo.<\/p>\n<p style=\"text-align: justify;\">V\u00e1zquez Almu\u00ed\u00f1a ha expuesto el crecimiento del tr\u00e1fico de mercanc\u00edas en 2020, en plena pandemia por coronavirus, superando los 4,3 millones de toneladas. Un a\u00f1o en el que la rada viguesa ha batido, adem\u00e1s, el r\u00e9cord hist\u00f3rico de exportaci\u00f3n de veh\u00edculos y junto con la terminal de Valencia, se ha posicionado a la cabeza del sistema portuario espa\u00f1ol en relaci\u00f3n a este tr\u00e1fico. Asimismo, el Puerto de Vigo ha cerrado el pasado ejercicio convirti\u00e9ndose en el 5\u00ba puerto espa\u00f1ol exportador-importador de mercanc\u00eda common. Un a\u00f1o r\u00e9cord en la mercanc\u00eda movida en contenedor, superando los 2,7 millones de toneladas y los 200.000 TEUS y en el que la fruta se ha convertido en su tr\u00e1fico estrella, al registrar un incremento del 955,88% en el acumulado del a\u00f1o.<\/p>\n<p style=\"text-align: justify;\">El m\u00e1ximo responsable portuario tambi\u00e9n ha hecho referencia en el encuentro a los datos registrados durante el pasado mes de enero con un incremento del 9,47% del tr\u00e1fico de mercanc\u00edas, en comparaci\u00f3n con el mismo periodo de 2020 y la subida del 8,39% del tr\u00e1fico de mercanc\u00eda common. Seg\u00fan ha trasladado V\u00e1zquez Almu\u00ed\u00f1a al Delegado del Gobierno, en el caso de los contenedores ro-ro, el incremento registrado en enero de este a\u00f1o se elev\u00f3 hasta el 85,29%, mientras que los contenedores movidos en la Terminal de Guixar subieron un 11,74%. Igualmente, el complete de TEUS movidos subi\u00f3 un 18%, mientras que las mercanc\u00edas en contenedor registraron un incremento del 16,08%.<\/p>\n<p style=\"text-align: justify;\"><strong><u>Brexit y conectividad ferroviaria<\/u><\/strong><\/p>\n<p style=\"text-align: justify;\">No obstante, el m\u00e1ximo responsable del Puerto de Vigo ha lamentado la bajada experimentada por el tr\u00e1fico de cruceros y la pesca fresca en un 17,08%, incidiendo sobre la necesidad de una mayor flexibilidad para hacer frente a las consecuencias del Brexit, ya que el sector necesita una soluci\u00f3n, porque el Brexit supone un \u201cgran problema\u201d para el Puerto por la posible aplicaci\u00f3n de aranceles a las capturas en las Malvinas. No obstante, ha destacado la buena colaboraci\u00f3n existente por parte de todos los agentes implicados, desde Aduanas, Sanidad o pesca.<\/p>\n<p style=\"text-align: justify;\">Por otra parte, el presidente de la Autoridad Portuaria de Vigo se ha referido a la necesidad de planificar la conexi\u00f3n ferroviaria con la Terminal de Bouzas, la mayor del Puerto, lo que facilitar\u00eda la conexi\u00f3n por tren con la Plataforma Log\u00edstica de Salvaterra-As Neves (PLISAN), cuya ejecuci\u00f3n es \u201cdecisiva\u201d para el funcionamiento del Corredor Atl\u00e1ntico. En lo referente al apartadero de la PLISAN, V\u00e1zquez Almu\u00ed\u00f1a ha explicado que ya se han iniciado los tr\u00e1mites con el Administrador de Infraestructuras Ferroviarias (ADIF) para su ejecuci\u00f3n.<\/p>\n<p style=\"text-align: justify;\">Por \u00faltimo, el m\u00e1ximo responsable portuario ha trasladado al delegado del Gobierno las l\u00edneas maestras de la que ser\u00e1 la nueva estrategia portuaria de Crecimiento Azul de cara a los pr\u00f3ximos a\u00f1os. Este nuevo Plan incluye un complete de 48 proyectos, de los que 28 ya est\u00e1n en marcha con fondos europeos o p\u00fablico-privados. El presupuesto de estas nuevas l\u00edneas de actuaci\u00f3n, que se pretende presentar a los fondos Subsequent Technology, asciende a 246 millones de euros.<\/p>\n<\/div>\n<p><script>!function(f,b,e,v,n,t,s){if(f.fbq)return;n=f.fbq=function(){n.callMethod?n.callMethod.apply(n,arguments):n.queue.push(arguments)};if(!f._fbq)f._fbq=n;n.push=n;n.loaded=!0;n.version='2.0';n.queue=[];t=b.createElement(e);t.async=!0;t.src=v;s=b.getElementsByTagName(e)[0];s.parentNode.insertBefore(t,s)}(window,document,'script','https:\/\/connect.facebook.net\/en_US\/fbevents.js');fbq('init','1161361057246236');fbq('track','PageView')<\/script><br \/>\n<br \/><\/p>\n<p><em> &#8221; Fuentes www.elestrechodigital.com &#8221; <\/em><\/p>\n","protected":false},"excerpt":{"rendered":"<p>El presidente de la Autoridad Portuaria de Vigo, Jes\u00fas V\u00e1zquez Almu\u00ed\u00f1a, ha informado al delegado del Gobierno en Galicia, Javier Losada de la situaci\u00f3n precise de estas instalaciones y las infraestructuras necesarias para su crecimiento a corto-medio plazo. V\u00e1zquez Almu\u00ed\u00f1a ha expuesto el crecimiento del tr\u00e1fico de mercanc\u00edas en 2020, en plena pandemia por coronavirus, [&hellip;]<\/p>\n","protected":false},"author":4,"featured_media":85285,"comment_status":"open","ping_status":"closed","sticky":false,"template":"","format":"standard","meta":{"om_disable_all_campaigns":false,"jnews-multi-image_gallery":[],"jnews_single_post":[],"jnews_primary_category":[],"jnews_social_meta":[],"footnotes":""},"categories":[41],"tags":[],"class_list":["post-85284","post","type-post","status-publish","format-standard","has-post-thumbnail","hentry","category-cruceros"],"_links":{"self":[{"href":"https:\/\/dimensionturistica.com\/es\/wp-json\/wp\/v2\/posts\/85284","targetHints":{"allow":["GET"]}}],"collection":[{"href":"https:\/\/dimensionturistica.com\/es\/wp-json\/wp\/v2\/posts"}],"about":[{"href":"https:\/\/dimensionturistica.com\/es\/wp-json\/wp\/v2\/types\/post"}],"author":[{"embeddable":true,"href":"https:\/\/dimensionturistica.com\/es\/wp-json\/wp\/v2\/users\/4"}],"replies":[{"embeddable":true,"href":"https:\/\/dimensionturistica.com\/es\/wp-json\/wp\/v2\/comments?post=85284"}],"version-history":[{"count":0,"href":"https:\/\/dimensionturistica.com\/es\/wp-json\/wp\/v2\/posts\/85284\/revisions"}],"wp:featuredmedia":[{"embeddable":true,"href":"https:\/\/dimensionturistica.com\/es\/wp-json\/wp\/v2\/media\/85285"}],"wp:attachment":[{"href":"https:\/\/dimensionturistica.com\/es\/wp-json\/wp\/v2\/media?parent=85284"}],"wp:term":[{"taxonomy":"category","embeddable":true,"href":"https:\/\/dimensionturistica.com\/es\/wp-json\/wp\/v2\/categories?post=85284"},{"taxonomy":"post_tag","embeddable":true,"href":"https:\/\/dimensionturistica.com\/es\/wp-json\/wp\/v2\/tags?post=85284"}],"curies":[{"name":"wp","href":"https:\/\/api.w.org\/{rel}","templated":true}]}}