{"id":85234,"date":"2021-02-22T19:26:23","date_gmt":"2021-02-22T19:26:23","guid":{"rendered":"https:\/\/dimensionturistica.com\/es\/?p=85234"},"modified":"2021-02-22T19:26:23","modified_gmt":"2021-02-22T19:26:23","slug":"meyer-werft-inicia-construccion-de-nuevo-crucero-para-po-cruises","status":"publish","type":"post","link":"https:\/\/dimensionturistica.com\/es\/meyer-werft-inicia-construccion-de-nuevo-crucero-para-po-cruises\/","title":{"rendered":"Meyer Werft inicia construcci\u00f3n de nuevo crucero para P&#038;O Cruises"},"content":{"rendered":"<p> <br \/>\n<\/p>\n<div>\n<p><span id=\"more-177284\"\/><strong>Por Redacci\u00f3n PortalPortuario.cl<\/strong><\/p>\n<p><strong>@PortalPortuario<\/strong><\/p>\n<hr\/>\n<p style=\"text-align: justify;\"><strong>Meyer Werft<\/strong> inici\u00f3 la construcci\u00f3n del nuevo <strong>crucero Arvia para la naviera brit\u00e1nica P&amp;O Cruises.<\/strong> La naviera anunci\u00f3 el nombre hace unos d\u00edas.<\/p>\n<p style=\"text-align: justify;\"><img decoding=\"async\" loading=\"lazy\" class=\"alignleft size-medium wp-image-177287\" src=\"https:\/\/dimensionturistica.com\/es\/wp-content\/uploads\/2021\/02\/Meyer-Werft-inicia-construccion-de-nuevo-crucero-para-PO-Cruises.jpg\" alt=\"\" width=\"330\" height=\"168\"  \/>El barco hermano del <strong>Iona<\/strong> se adapta de manera \u00f3ptima a las preferencias de los pasajeros brit\u00e1nicos.<\/p>\n<p style=\"text-align: justify;\">Los representantes de la naviera acompa\u00f1aron este hito v\u00eda video desde Gran Breta\u00f1a. Con el Arvia, recibir\u00e1n el cuarto crucero de su flota de Meyer Werft en 2022.<\/p>\n<p style=\"text-align: justify;\">\u201cMeyer Werft y P&amp;O Cruises tienen una asociaci\u00f3n de larga data. Esperamos comenzar la construcci\u00f3n del Arvia y continuar esta asociaci\u00f3n\u201d, dijo <strong>Stephan Schmees, miembro del equipo de gesti\u00f3n del proyecto.<\/strong><\/p>\n<p style=\"text-align: justify;\">El barco con un tama\u00f1o de alrededor de 180.000 GT se opera completamente con el flamable GNL de bajas emisiones.<\/p>\n<p style=\"text-align: justify;\">Al igual que su barco hermano, que se entreg\u00f3 en 2020, el Arvia estar\u00e1 equipado con la c\u00fapula de vidrio SkyDome de 970 metros cuadrados.<\/p>\n<hr\/><\/div>\n\n<p><em> &#8221; Fuentes portalportuario.cl &#8221; <\/em><\/p>\n","protected":false},"excerpt":{"rendered":"<p>Por Redacci\u00f3n PortalPortuario.cl @PortalPortuario Meyer Werft inici\u00f3 la construcci\u00f3n del nuevo crucero Arvia para la naviera brit\u00e1nica P&amp;O Cruises. La naviera anunci\u00f3 el nombre hace unos d\u00edas. El barco hermano del Iona se adapta de manera \u00f3ptima a las preferencias de los pasajeros brit\u00e1nicos. Los representantes de la naviera acompa\u00f1aron este hito v\u00eda video desde [&hellip;]<\/p>\n","protected":false},"author":4,"featured_media":85235,"comment_status":"open","ping_status":"closed","sticky":false,"template":"","format":"standard","meta":{"om_disable_all_campaigns":false,"jnews-multi-image_gallery":[],"jnews_single_post":[],"jnews_primary_category":[],"jnews_social_meta":[],"footnotes":""},"categories":[41],"tags":[],"class_list":["post-85234","post","type-post","status-publish","format-standard","has-post-thumbnail","hentry","category-cruceros"],"_links":{"self":[{"href":"https:\/\/dimensionturistica.com\/es\/wp-json\/wp\/v2\/posts\/85234","targetHints":{"allow":["GET"]}}],"collection":[{"href":"https:\/\/dimensionturistica.com\/es\/wp-json\/wp\/v2\/posts"}],"about":[{"href":"https:\/\/dimensionturistica.com\/es\/wp-json\/wp\/v2\/types\/post"}],"author":[{"embeddable":true,"href":"https:\/\/dimensionturistica.com\/es\/wp-json\/wp\/v2\/users\/4"}],"replies":[{"embeddable":true,"href":"https:\/\/dimensionturistica.com\/es\/wp-json\/wp\/v2\/comments?post=85234"}],"version-history":[{"count":0,"href":"https:\/\/dimensionturistica.com\/es\/wp-json\/wp\/v2\/posts\/85234\/revisions"}],"wp:featuredmedia":[{"embeddable":true,"href":"https:\/\/dimensionturistica.com\/es\/wp-json\/wp\/v2\/media\/85235"}],"wp:attachment":[{"href":"https:\/\/dimensionturistica.com\/es\/wp-json\/wp\/v2\/media?parent=85234"}],"wp:term":[{"taxonomy":"category","embeddable":true,"href":"https:\/\/dimensionturistica.com\/es\/wp-json\/wp\/v2\/categories?post=85234"},{"taxonomy":"post_tag","embeddable":true,"href":"https:\/\/dimensionturistica.com\/es\/wp-json\/wp\/v2\/tags?post=85234"}],"curies":[{"name":"wp","href":"https:\/\/api.w.org\/{rel}","templated":true}]}}