{"id":85146,"date":"2021-02-22T17:26:38","date_gmt":"2021-02-22T17:26:38","guid":{"rendered":"https:\/\/dimensionturistica.com\/es\/?p=85146"},"modified":"2021-02-22T17:26:38","modified_gmt":"2021-02-22T17:26:38","slug":"para-viajar-a-mxico-alberto-fernndez-alquil-el-avin-privado-de-lionel-messi-el-litoral-noticias-santa-fe-argentina","status":"publish","type":"post","link":"https:\/\/dimensionturistica.com\/es\/para-viajar-a-mxico-alberto-fernndez-alquil-el-avin-privado-de-lionel-messi-el-litoral-noticias-santa-fe-argentina\/","title":{"rendered":"Para viajar a Mxico Alberto Fernndez alquil el avin privado de Lionel Messi : : El Litoral &#8211; Noticias &#8211; Santa Fe &#8211; Argentina"},"content":{"rendered":"<p> <br \/>\n<\/p>\n<p>Alberto Fern\u00e1ndez, la primera dama Fabiola Ya\u00f1ez, el secretario common de Presidencia Julio Vitobello y el secretario de Medios de Comunicaci\u00f3n Juan Pablo Biondi se trasladaron en la aeronave que el futbolista rosarino compr\u00f3 a fines de 2018 por 15 millones de d\u00f3lares<\/p>\n<p><span property=\"keywords\" style=\"display:none\">Comitiva presidencial Para viajar a Mxico Alberto Fernndez alquil el avin privado de Lionel Messi  Alberto Fern\u00e1ndez, la primera dama Fabiola Ya\u00f1ez, el secretario common de Presidencia Julio Vitobello y el secretario de Medios de Comunicaci\u00f3n Juan Pablo Biondi se trasladaron en la aeronave que el futbolista rosarino compr\u00f3 a fines de 2018 por 15 millones de d\u00f3lares   Alberto Fern\u00e1ndez, la primera dama Fabiola Ya\u00f1ez, el secretario common de Presidencia Julio Vitobello y el secretario de Medios de Comunicaci\u00f3n Juan Pablo Biondi se trasladaron en la aeronave que el futbolista rosarino compr\u00f3 a fines de 2018 por 15 millones de d\u00f3lares  <\/span>&#13;\n<\/p>\n<div id=\"cuerpo_interior\" property=\"articleBody\">\n<p>La gesti\u00f3n estuvo a cargo del empresario Gustavo Carmona, quien coordina la utilidad de la aeronave que el astro argentino adquiri\u00f3 en diciembre de 2018 por 15 millones de d\u00f3lares. El costo del traslado: 160 mil d\u00f3lares por cuatro d\u00edas de alquiler. Ante la necesidad de trasladarse con seguridad sanitaria y private, la comitiva presidencial se sent\u00f3 en las butacas donde suele acomodarse la familia Messi y sus amigos m\u00e1s \u00edntimos.<\/p>\n<p>\u00a0<\/p>\n<p>Es el Gulfstream V, matr\u00edcula LV-IRQ, fabricado en 2004. Dispone de 16 asientos ejecutivos que pueden transformarse en ocho camas, posee dos ba\u00f1os, uno de ellos con ducha, y cuenta con dos cocinas. La aeronave tambi\u00e9n tiene detalles e inscripciones con referencia directa al futbolista rosarino: en la cola del avi\u00f3n est\u00e1 estampado el n\u00famero 10 y en las escaleras que se despliegan para el ascenso y descenso de pasajeros se grab\u00f3 el nombre de Antonela, Thiago, Ciro y Mateo, en alusi\u00f3n a la esposa y los tres hijos del jugador; y como yapa, guarda una ps instalada con controles dorados. Estas condiciones, sin embargo, son modificadas para los vuelos en los que no se traslada la familia Messi.<\/p>\n<p>\u00a0<\/p>\n<div class=\"pestania_arriba\" style=\"width:98%\">\n<div style=\"position: relative;\"><img decoding=\"async\" align=\"center\" border=\"0\" data-fancybox=\"group\" href=\"https:\/\/dimensionturistica.com\/es\/wp-content\/uploads\/2021\/02\/Para-viajar-a-Mxico-Alberto-Fernndez-alquil-el-avin-privado.jpg\" src=\"https:\/\/dimensionturistica.com\/es\/wp-content\/uploads\/2021\/02\/Para-viajar-a-Mxico-Alberto-Fernndez-alquil-el-avin-privado.jpg\" title=\"\" width=\"99%\"\/><\/div><\/div>\n<p>\u00a0<\/p>\n<p>\u00a0<\/p>\n<p>En esas butacas se recostaron c\u00f3modamente el mandatario junto a la primera dama Fabiola Ya\u00f1ez, Julio Vitobello -secretario common de la Presidencia- y Juan Pablo Biondi, secretario de Medios de Comunicaci\u00f3n. Descendieron del jet privado minutos antes de las 10 de la ma\u00f1ana hora argentina y fueron recibidos en el aeropuerto internacional Benito Ju\u00e1rez por Marcelo Ebrard, el canciller de M\u00e9xico, y Carlos Tomada, el embajador argentino en este pa\u00eds. El presidente ya lo habr\u00eda usado tambi\u00e9n cuando cruz\u00f3 la Cordillera de Los Andes para entablar una visita de Estado de dos d\u00edas en territorio chileno. En esa oportunidad, mantuvo una reuni\u00f3n con su par, Sebasti\u00e1n Pi\u00f1era, con empresarios y con la CEPAL.<\/p>\n<p>\u00a0<\/p>\n<p>Messi suele utilizar el avi\u00f3n para sus viajes personales y para los traslados de negocios de su padre. Tambi\u00e9n lo pone a disposici\u00f3n de sus compa\u00f1eros de selecci\u00f3n en cada ventana de Eliminatorias Sudamericanas: en \u00e9l ya han viajado futbolistas como \u00c1ngel Di Mar\u00eda, Leandro Paredes, Sergio Ag\u00fcero, Nehu\u00e9n P\u00e9rez, Marcos Acu\u00f1a, Lucas Ocampos, Guido Rodr\u00edguez, Rodrigo De Paul y el uruguayo Luis Su\u00e1rez, entre otros. Cuando la estrella del Barcelona no lo necesita, se ofrece en alquiler a merced del mejor postor. Hasta lo utiliz\u00f3 Juan Fernando Quintero cuando debi\u00f3 ir a Miami para realizar un tr\u00e1mite private en el marco de su transferencia de River al Shenzhen Kaisa de China. Gustavo Carmona, piloto, presidente y CEO de Flyzar, es quien lo administra: un empresario aeron\u00e1utico due\u00f1o de una flota de aviones premium cercano a funcionarios del kirchnerismo.<\/p>\n<p>\u00a0<\/p>\n<div class=\"pestania_arriba\" style=\"width:98%\">\n<div style=\"position: relative;\"><img decoding=\"async\" align=\"center\" border=\"0\" data-fancybox=\"group\" href=\"https:\/\/dimensionturistica.com\/es\/wp-content\/uploads\/2021\/02\/1614014795_619_Para-viajar-a-Mxico-Alberto-Fernndez-alquil-el-avin-privado.jpg\" src=\"https:\/\/dimensionturistica.com\/es\/wp-content\/uploads\/2021\/02\/1614014795_619_Para-viajar-a-Mxico-Alberto-Fernndez-alquil-el-avin-privado.jpg\" title=\"\" width=\"99%\"\/><\/div><\/div>\n<p>\u00a0<\/p>\n<p>El Gulftream V es su mejor pieza. Registrado bajo la matr\u00edcula LV-IRQ, la primera versi\u00f3n del modelo entr\u00f3 en servicio en 1997: desde entonces se ha ido modernizando con el tiempo hasta llegar a un elevado nivel de confort y prestaciones. El jet privado se impulsa con motores Rolls Royce, alcanza una velocidad m\u00e1xima de 940 kil\u00f3metros por hora, en velocidad crucero puede alcanzar 882 kil\u00f3metros por hora, y presume de una autonom\u00eda que supera los diez mil kil\u00f3metros. La cabina de mando est\u00e1 equipada con tecnolog\u00eda de \u00faltima generaci\u00f3n y monitores LCD de 14 pulgadas. La aeronave mide 29 metros de largo, 28 de envergadura y ocho de altura complete.<\/p>\n<p>\u00a0<\/p>\n<p>La comitiva presidencial permanecer\u00e1 durante al menos 60 horas en Ciudad de M\u00e9xico para cumplir el deseo geopol\u00edtico del mandatario argentino de profundizar una agenda estrat\u00e9gica com\u00fan con su par mexicano, Andr\u00e9s Manuel L\u00f3pez Obrador. El prop\u00f3sito es dise\u00f1ar un modelo institucional de relaciones bilaterales para incorporar a los pa\u00edses m\u00e1s importantes de Am\u00e9rica Latina -Brasil, Paraguay y Uruguay- y a los estados que tienen una relaci\u00f3n profunda con M\u00e9xico por razones econ\u00f3micas y pol\u00edticas.<\/p>\n<p>\u00a0<\/p>\n<div class=\"pestania_arriba\" style=\"width:98%\">\n<div style=\"position: relative;\"><img decoding=\"async\" align=\"center\" border=\"0\" data-fancybox=\"group\" href=\"https:\/\/dimensionturistica.com\/es\/wp-content\/uploads\/2021\/02\/1614014797_199_Para-viajar-a-Mxico-Alberto-Fernndez-alquil-el-avin-privado.jpg\" src=\"https:\/\/dimensionturistica.com\/es\/wp-content\/uploads\/2021\/02\/1614014797_199_Para-viajar-a-Mxico-Alberto-Fernndez-alquil-el-avin-privado.jpg\" title=\"\" width=\"99%\"\/><\/div><\/div>\n<p>\u00a0<\/p>\n<p>\u00a0<\/p>\n<p>En un vuelo comercial de Aerom\u00e9xico emprendieron viaje los ministros de Relaciones Exteriores, Comercio Internacional y Culto, Felipe Sol\u00e1; y de Econom\u00eda, Mart\u00edn Guzm\u00e1n; la vicejefa de Gabinete, Cecilia Todesca; el secretario common de Asuntos Estrat\u00e9gicos, Gustavo Beliz; el diputado nacional Carlos Selva y el asesor presidencial Ricardo Forster.<\/p>\n<\/p><\/div>\n\n<p><em> &#8221; Fuentes www.ellitoral.com &#8221; <\/em><\/p>\n","protected":false},"excerpt":{"rendered":"<p>Alberto Fern\u00e1ndez, la primera dama Fabiola Ya\u00f1ez, el secretario common de Presidencia Julio Vitobello y el secretario de Medios de Comunicaci\u00f3n Juan Pablo Biondi se trasladaron en la aeronave que el futbolista rosarino compr\u00f3 a fines de 2018 por 15 millones de d\u00f3lares Comitiva presidencial Para viajar a Mxico Alberto Fernndez alquil el avin privado [&hellip;]<\/p>\n","protected":false},"author":4,"featured_media":85147,"comment_status":"open","ping_status":"closed","sticky":false,"template":"","format":"standard","meta":{"om_disable_all_campaigns":false,"jnews-multi-image_gallery":[],"jnews_single_post":[],"jnews_primary_category":[],"jnews_social_meta":[],"footnotes":""},"categories":[41],"tags":[],"class_list":["post-85146","post","type-post","status-publish","format-standard","has-post-thumbnail","hentry","category-cruceros"],"_links":{"self":[{"href":"https:\/\/dimensionturistica.com\/es\/wp-json\/wp\/v2\/posts\/85146","targetHints":{"allow":["GET"]}}],"collection":[{"href":"https:\/\/dimensionturistica.com\/es\/wp-json\/wp\/v2\/posts"}],"about":[{"href":"https:\/\/dimensionturistica.com\/es\/wp-json\/wp\/v2\/types\/post"}],"author":[{"embeddable":true,"href":"https:\/\/dimensionturistica.com\/es\/wp-json\/wp\/v2\/users\/4"}],"replies":[{"embeddable":true,"href":"https:\/\/dimensionturistica.com\/es\/wp-json\/wp\/v2\/comments?post=85146"}],"version-history":[{"count":0,"href":"https:\/\/dimensionturistica.com\/es\/wp-json\/wp\/v2\/posts\/85146\/revisions"}],"wp:featuredmedia":[{"embeddable":true,"href":"https:\/\/dimensionturistica.com\/es\/wp-json\/wp\/v2\/media\/85147"}],"wp:attachment":[{"href":"https:\/\/dimensionturistica.com\/es\/wp-json\/wp\/v2\/media?parent=85146"}],"wp:term":[{"taxonomy":"category","embeddable":true,"href":"https:\/\/dimensionturistica.com\/es\/wp-json\/wp\/v2\/categories?post=85146"},{"taxonomy":"post_tag","embeddable":true,"href":"https:\/\/dimensionturistica.com\/es\/wp-json\/wp\/v2\/tags?post=85146"}],"curies":[{"name":"wp","href":"https:\/\/api.w.org\/{rel}","templated":true}]}}