{"id":85123,"date":"2021-02-22T17:03:06","date_gmt":"2021-02-22T17:03:06","guid":{"rendered":"https:\/\/dimensionturistica.com\/es\/?p=85123"},"modified":"2021-02-22T17:03:06","modified_gmt":"2021-02-22T17:03:06","slug":"hombre-fallece-en-el-hospital-tras-ser-baleado-cerca-del-crucero","status":"publish","type":"post","link":"https:\/\/dimensionturistica.com\/es\/hombre-fallece-en-el-hospital-tras-ser-baleado-cerca-del-crucero\/","title":{"rendered":"Hombre fallece en el hospital tras ser baleado cerca del crucero"},"content":{"rendered":"<p> <br \/>\n<\/p>\n<div id=\"mvp-content-main\">\n<p>Benito Ju\u00e1rez. \u2013 La noche del domingo un <a rel=\"nofollow noopener\" target=\"_blank\" href=\"https:\/\/www.meganews.mx\/quintanaroo\/cancun-fallece-operador-de-combi-tras-fulminante-paro\/\">hombre falleci\u00f3<\/a> en el hospital tras haber sido <strong>baleado<\/strong> cuando se encontraba en las afueras de una terminal for\u00e1nea ubicada en las supermanzana 66, lo que pertenece a la zona popularmente conocida como <strong>el crucero. <\/strong><\/p>\n<p>Este hecho se dio conocer la noche de ayer alrededor de las <strong>21:00 horas <\/strong>cuando el n\u00famero de emergencia activ\u00f3 a los cuerpos de seguridad por detonaciones de arma de fuego en un establecimiento ubicado a una esquina del crucero, por lo que varias unidades de la <strong>Polic\u00eda Quintana Roo<\/strong> arribaron al lugar asegurando el \u00e1rea.<\/p>\n<p class=\"has-text-align-center\"><a rel=\"nofollow noopener\" target=\"_blank\" href=\"https:\/\/www.meganews.mx\/quintanaroo\/nina-de-seis-anos-muere-durante-incendio-en-cancun\/\">Te podr\u00eda interesar:  Dos ni\u00f1as mueren en tr\u00e1gico incendio en Canc\u00fan <\/a><\/p>\n<p>&#x26a0;&#xfe0f;<strong><em>Advertencia: las siguientes im\u00e1genes no son aptas para menores de edad; pueden ser perturbadoras para algunas audiencias. Se recomienda discreci\u00f3n.<\/em><\/strong><\/p>\n<div class=\"wp-block-blockgallery-carousel\">\n<div class=\"is-cropped blockgallery has-no-alignment has-caption-style-dark has-horizontal-gutter\">\n<div class=\"has-carousel has-carousel-lrg\" style=\"height:400px\" data-flickity=\"{&quot;autoPlay&quot;:false,&quot;draggable&quot;:true,&quot;pageDots&quot;:false,&quot;prevNextButtons&quot;:true,&quot;wrapAround&quot;:true,&quot;arrowShape&quot;:{&quot;x0&quot;:10,&quot;x1&quot;:60,&quot;y1&quot;:50,&quot;x2&quot;:65,&quot;y2&quot;:45,&quot;x3&quot;:20}}\">\n<div class=\"blockgallery--item\">\n<figure class=\"blockgallery--figure has-margin-left-5 has-margin-left-mobile-5 has-margin-right-5 has-margin-right-mobile-5\"><img decoding=\"async\" src=\"https:\/\/dimensionturistica.com\/es\/wp-content\/uploads\/2021\/02\/Hombre-fallece-en-el-hospital-tras-ser-baleado-cerca-del.jpg\" alt=\"\" data-id=\"184467\" data-link=\"https:\/\/www.meganews.mx\/?attachment_id=184467\" class=\"wp-image-184467\"  \/><\/figure>\n<\/div>\n<div class=\"blockgallery--item\">\n<figure class=\"blockgallery--figure has-margin-left-5 has-margin-left-mobile-5 has-margin-right-5 has-margin-right-mobile-5\"><img decoding=\"async\" src=\"https:\/\/dimensionturistica.com\/es\/wp-content\/uploads\/2021\/02\/1614013385_224_Hombre-fallece-en-el-hospital-tras-ser-baleado-cerca-del.jpg\" alt=\"\" data-id=\"184468\" data-link=\"https:\/\/www.meganews.mx\/?attachment_id=184468\" class=\"wp-image-184468\"  \/><\/figure>\n<\/div>\n<\/div>\n<\/div>\n<\/div>\n<p>Param\u00e9dicos de la Cruz Roja <strong>arribaron a la brevedad<\/strong> para brindar los primeros auxilios y trasladar de emergencia a la v\u00edctima hasta el hospital basic, donde de minutos m\u00e1s tarde se supo que lesionado hab\u00eda perdido la vida a consecuencia de la <strong>herida provocada <\/strong>por proyectil de arma de fuego.<\/p>\n<p>Agentes ministeriales adscritos a la <strong>Fiscal\u00eda de Homicidios <\/strong>arribaron a la zona del ataque para iniciar las indagaciones con algunas personas que se encontraban en el lugar, pero hasta el momento se desconoce cu\u00e1les fueron las causas del ataque, as\u00ed como si hubo alguna persona detenida, pues las investigaciones a\u00fan siguen su curso, <strong>se espera mayor informaci\u00f3n<\/strong> en las pr\u00f3ximas horas.<\/p>\n<p><a rel=\"nofollow noopener\" target=\"_blank\" href=\"https:\/\/news.google.com\/publications\/CAAiEHymJ4JjYLZqsnfVpIZyrDUqFAgKIhB8pieCY2C2arJ31aSGcqw1?oc=3&amp;ceid=US:es-419\">S\u00edguenos en Google News<\/a><\/p>\n<figure class=\"wp-block-image is-resized\"><a rel=\"nofollow noopener\" target=\"_blank\" href=\"https:\/\/chat.whatsapp.com\/Bf2uSneN9bNH3XH4NZv4iy\"><img decoding=\"async\" src=\"https:\/\/dimensionturistica.com\/es\/wp-content\/uploads\/2021\/02\/Enero-cierra-con-tres-ataques-armados-en-la-zona-del.png\" alt=\"Noticias v\u00eda Whatsapp\" class=\"wp-image-120400\" width=\"708\" height=\"90\"  \/><\/a><\/figure>\n<\/p><\/div>\n<p><script>(function(d, s, id) {\n  var js, fjs = d.getElementsByTagName(s)[0];\n  if (d.getElementById(id)) return;\n  js = d.createElement(s); js.id = id;\n  js.src=\"https:\/\/connect.facebook.net\/es_LA\/sdk.js#xfbml=1&version=v3.0&appId=264521397686403&autoLogAppEvents=1\";\n  fjs.parentNode.insertBefore(js, fjs);\n}(document, 'script', 'facebook-jssdk'));<\/script><br \/>\n<br \/><\/p>\n<p><em> &#8221; Fuentes www.meganews.mx &#8221; <\/em><\/p>\n","protected":false},"excerpt":{"rendered":"<p>Benito Ju\u00e1rez. \u2013 La noche del domingo un hombre falleci\u00f3 en el hospital tras haber sido baleado cuando se encontraba en las afueras de una terminal for\u00e1nea ubicada en las supermanzana 66, lo que pertenece a la zona popularmente conocida como el crucero. Este hecho se dio conocer la noche de ayer alrededor de las [&hellip;]<\/p>\n","protected":false},"author":4,"featured_media":85124,"comment_status":"open","ping_status":"closed","sticky":false,"template":"","format":"standard","meta":{"om_disable_all_campaigns":false,"jnews-multi-image_gallery":[],"jnews_single_post":[],"jnews_primary_category":[],"jnews_social_meta":[],"footnotes":""},"categories":[41],"tags":[],"class_list":["post-85123","post","type-post","status-publish","format-standard","has-post-thumbnail","hentry","category-cruceros"],"_links":{"self":[{"href":"https:\/\/dimensionturistica.com\/es\/wp-json\/wp\/v2\/posts\/85123","targetHints":{"allow":["GET"]}}],"collection":[{"href":"https:\/\/dimensionturistica.com\/es\/wp-json\/wp\/v2\/posts"}],"about":[{"href":"https:\/\/dimensionturistica.com\/es\/wp-json\/wp\/v2\/types\/post"}],"author":[{"embeddable":true,"href":"https:\/\/dimensionturistica.com\/es\/wp-json\/wp\/v2\/users\/4"}],"replies":[{"embeddable":true,"href":"https:\/\/dimensionturistica.com\/es\/wp-json\/wp\/v2\/comments?post=85123"}],"version-history":[{"count":0,"href":"https:\/\/dimensionturistica.com\/es\/wp-json\/wp\/v2\/posts\/85123\/revisions"}],"wp:featuredmedia":[{"embeddable":true,"href":"https:\/\/dimensionturistica.com\/es\/wp-json\/wp\/v2\/media\/85124"}],"wp:attachment":[{"href":"https:\/\/dimensionturistica.com\/es\/wp-json\/wp\/v2\/media?parent=85123"}],"wp:term":[{"taxonomy":"category","embeddable":true,"href":"https:\/\/dimensionturistica.com\/es\/wp-json\/wp\/v2\/categories?post=85123"},{"taxonomy":"post_tag","embeddable":true,"href":"https:\/\/dimensionturistica.com\/es\/wp-json\/wp\/v2\/tags?post=85123"}],"curies":[{"name":"wp","href":"https:\/\/api.w.org\/{rel}","templated":true}]}}