{"id":85047,"date":"2021-02-22T15:31:52","date_gmt":"2021-02-22T15:31:52","guid":{"rendered":"https:\/\/dimensionturistica.com\/es\/?p=85047"},"modified":"2021-02-22T15:31:52","modified_gmt":"2021-02-22T15:31:52","slug":"lloyd-werft-podria-cerrar-a-fin-de-ano","status":"publish","type":"post","link":"https:\/\/dimensionturistica.com\/es\/lloyd-werft-podria-cerrar-a-fin-de-ano\/","title":{"rendered":"Lloyd Werft podr\u00eda cerrar a fin de a\u00f1o"},"content":{"rendered":"<p> <br \/>\n<\/p>\n<div style=\"margin-top:0px;\">\n<hr\/>\n<p style=\"text-align: justify;\"><img decoding=\"async\" loading=\"lazy\" class=\"alignright  wp-image-87898\" src=\"https:\/\/dimensionturistica.com\/es\/wp-content\/uploads\/2021\/02\/Lloyd-Werft-podria-cerrar-a-fin-de-ano.jpg\" alt=\"\" width=\"367\" height=\"230\"  \/>El astillero alem\u00e1n\u00a0<strong>Lloyd Werft<\/strong>, situado en <strong>Bremerhaven<\/strong>, podr\u00eda cerrar a finales de a\u00f1o, debido a los efectos negativos que caus\u00f3 en la industria la pandemia de Covid-19.<\/p>\n<p style=\"text-align: justify;\">El recinto, que es un dique seco clave para cruceros y ha estado involucrado en nuevas construcciones a lo largo de los a\u00f1os, fue adquirido por Genting en 2015, consign\u00f3 Cruise Business Information.<\/p>\n<p style=\"text-align: justify;\">La fuerza laboral del astillero fue informada de que el astillero podr\u00eda cerrar a fin de a\u00f1o debido a una recesi\u00f3n significativa en el negocio.<\/p>\n<p style=\"text-align: justify;\">Adem\u00e1s, se pidi\u00f3 a los trabajadores que entablaran negociaciones para ayudar a mantener abierto el astillero.<\/p>\n<p style=\"text-align: justify;\">Sin embargo, informes de noticias alemanes se\u00f1alaron que hay un posible comprador para el lugar.<\/p>\n<hr\/>\n<p>\t\t <!-- banner --><br \/>\n<!--\t \n\n<div style=\"margin-top: 15px;\"><\/div>\n\n\n<a rel=\"nofollow noopener\" target=\"_blank\" href=\"https:\/\/www.linkedin.com\/company\/portalcruceros-cl\/\">\n\t<img decoding=\"async\" src=\"https:\/\/dimensionturistica.com\/es\/wp-content\/uploads\/2020\/09\/Knud-E-Hansen-disena-nuevo-crucero-de-expedicion-rompehielos.gif\" \/>\n\t<\/a> --><\/p>\n<p>\t<!-- banner end --><\/p>\n<p>\t\t <!-- notas relacionadas --><\/p>\n<hr\/>\n<div class=\"rel_posts\">\n \u00a0 \u00a0 \u00a0 \u00a0 \u00a0 \u00a0 \u00a0 \u00a0 \u00a0 \u00a0 \u00a0 \u00a0 \u00a0 \u00a0<\/p>\n<p>Sigue navegando<\/p>\n<\/p><\/div>\n<p>\t\t   <!-- fin notas relacionadas --><\/p><\/div>\n\n<p><em> &#8221; Fuentes portalcruceros.cl &#8221; <\/em><\/p>\n","protected":false},"excerpt":{"rendered":"<p>El astillero alem\u00e1n\u00a0Lloyd Werft, situado en Bremerhaven, podr\u00eda cerrar a finales de a\u00f1o, debido a los efectos negativos que caus\u00f3 en la industria la pandemia de Covid-19. El recinto, que es un dique seco clave para cruceros y ha estado involucrado en nuevas construcciones a lo largo de los a\u00f1os, fue adquirido por Genting en [&hellip;]<\/p>\n","protected":false},"author":4,"featured_media":85048,"comment_status":"open","ping_status":"closed","sticky":false,"template":"","format":"standard","meta":{"om_disable_all_campaigns":false,"jnews-multi-image_gallery":[],"jnews_single_post":[],"jnews_primary_category":[],"jnews_social_meta":[],"footnotes":""},"categories":[41],"tags":[],"class_list":["post-85047","post","type-post","status-publish","format-standard","has-post-thumbnail","hentry","category-cruceros"],"_links":{"self":[{"href":"https:\/\/dimensionturistica.com\/es\/wp-json\/wp\/v2\/posts\/85047","targetHints":{"allow":["GET"]}}],"collection":[{"href":"https:\/\/dimensionturistica.com\/es\/wp-json\/wp\/v2\/posts"}],"about":[{"href":"https:\/\/dimensionturistica.com\/es\/wp-json\/wp\/v2\/types\/post"}],"author":[{"embeddable":true,"href":"https:\/\/dimensionturistica.com\/es\/wp-json\/wp\/v2\/users\/4"}],"replies":[{"embeddable":true,"href":"https:\/\/dimensionturistica.com\/es\/wp-json\/wp\/v2\/comments?post=85047"}],"version-history":[{"count":0,"href":"https:\/\/dimensionturistica.com\/es\/wp-json\/wp\/v2\/posts\/85047\/revisions"}],"wp:featuredmedia":[{"embeddable":true,"href":"https:\/\/dimensionturistica.com\/es\/wp-json\/wp\/v2\/media\/85048"}],"wp:attachment":[{"href":"https:\/\/dimensionturistica.com\/es\/wp-json\/wp\/v2\/media?parent=85047"}],"wp:term":[{"taxonomy":"category","embeddable":true,"href":"https:\/\/dimensionturistica.com\/es\/wp-json\/wp\/v2\/categories?post=85047"},{"taxonomy":"post_tag","embeddable":true,"href":"https:\/\/dimensionturistica.com\/es\/wp-json\/wp\/v2\/tags?post=85047"}],"curies":[{"name":"wp","href":"https:\/\/api.w.org\/{rel}","templated":true}]}}