{"id":85033,"date":"2021-02-22T15:04:01","date_gmt":"2021-02-22T15:04:01","guid":{"rendered":"https:\/\/dimensionturistica.com\/es\/?p=85033"},"modified":"2021-02-22T15:04:02","modified_gmt":"2021-02-22T15:04:02","slug":"blas-canto-cruza-los-dedos-para-poder-viajar-a-rotterdam","status":"publish","type":"post","link":"https:\/\/dimensionturistica.com\/es\/blas-canto-cruza-los-dedos-para-poder-viajar-a-rotterdam\/","title":{"rendered":"Blas Cant\u00f3 cruza los dedos para poder viajar a Rotterdam"},"content":{"rendered":"<p> <br \/>\n<\/p>\n<div>\n<p><strong>Blas Cant\u00f3<\/strong> prepara ya su participaci\u00f3n en el Pageant de<strong> Eurovisi\u00f3n<\/strong> con la balada<strong> \u2018Voy a quedarme\u2019,<\/strong> pero cruza los dedos porque en realidad lo que quiere no es quedarse en Espa\u00f1a por la <strong>pandemia,<\/strong> sino poder viajar en mayo a <strong>Rotterdam<\/strong> para representar a TVE. La sombra interminable del coronavirus planea sobre esta <strong>azarosa<\/strong> 65\u00aa edici\u00f3n del certamen musical y amenaza con dejar a algunos participantes <strong>en casa <\/strong>sin poder defender su canci\u00f3n en el escenario de la ciudad holandesa.<\/p>\n<p>El cantante murciano ya tiene la composici\u00f3n con la que concurrir\u00e1 a Eurovisi\u00f3n despu\u00e9s de que el<strong> voto common<\/strong> se decantara este s\u00e1bado por la balada, pero a\u00fan no tiene<strong> garant\u00edas<\/strong> de que pueda hacerlo en Rotterdam. De ah\u00ed que se vea obligado a preparar <strong>dos actuaciones distintas<\/strong> por si la evoluci\u00f3n de la pandemia impide el traslado a Holanda.<\/p>\n<p>Esta &#8216;actuaci\u00f3n de seguridad&#8217; forma parte del<strong> &#8216;plan B&#8217;<\/strong> ideado por el certamen para que aquellos artistas que no puedan viajar puedan por lo menos participar. Cada representante tendr\u00e1 que <strong>grabar su actuaci\u00f3n<\/strong> en su pa\u00eds de origen y \u00e9sa ser\u00e1 la que se emita en caso de <strong>no poder acudir <\/strong>a la gran cita del 22 de mayo. El competition ya tuvo que ser<strong> suspendido<\/strong> el a\u00f1o pasado por el coronavirus. <\/p>\n<h3>Un error inoportuno<\/h3>\n<p>Por lo dem\u00e1s, la gala del s\u00e1bado en la que result\u00f3 vencedora \u2018Voy a quedarme\u2019 con un<strong> 58%<\/strong> de los votos frente a <strong>\u2018Memoria\u2019 <\/strong>(42%) tuvo momentos brillantes y emotivos, pero no falt\u00f3 la <strong>pol\u00e9mica.<\/strong> Un error en los r\u00f3tulos de las votaciones gener\u00f3 la reacci\u00f3n airada de las redes sociales, que se llenaron de <strong>quejas<\/strong> de los votantes.<\/p>\n<p>El realizador del programa <strong>\u2018Destino Eurovisi\u00f3n\u2019 <\/strong>puso en pantalla los n\u00fameros de tel\u00e9fono a los que se pod\u00eda llamar para votar por las canciones. La terminaci\u00f3n <strong>001<\/strong> se le asign\u00f3 a \u2018Memoria\u2019, mientras que el<strong> 002<\/strong> qued\u00f3 reservado para los partidarios de \u2018Voy a quedarme\u2019.<\/p>\n<p>Pero como los v\u00eddeos los carga el <strong>diablo<\/strong>, en uno de los que se utilizaron para animar al voto se hicieron un<strong> l\u00edo con las claves <\/strong>telef\u00f3nicas y el 001, el de \u2018Memoria\u2019, se asign\u00f3 a amabas canciones. Menos mal que el <strong>error <\/strong>qued\u00f3 subsanado r\u00e1pidamente por el equipo del programa, que pese a su celeridad no pudo evitar el reguero de comentarios<strong> indignados<\/strong> que inund\u00f3 las redes.<\/p>\n<h3>L\u00e1grimas de amiga <\/h3>\n<p>Uno de los momentos m\u00e1s emocionantes de la gala fue la intervenci\u00f3n por videoconferencia de<strong> Yolanda Ramos,<\/strong> amiga de Cant\u00f3 desde que se conocieron en <strong>\u2018Tu cara me suena\u2019<\/strong>. Sin parar de limpiarse las l\u00e1grimas, la actriz catalana enhebr\u00f3 un sentido discurso: \u201c&#8221;No s\u00e9 si voy a poder hablar. Eres una de las <strong>mejores voces<\/strong> de este pa\u00eds. Alguien puede tener talento, pero muy pocos son artistas. Este a\u00f1o lo has pasado<strong> muy mal,<\/strong> cari\u00f1o. No sufras por nada. Ojal\u00e1 pegues un <strong>pelotazo<\/strong> muy grande en tu vida, no s\u00f3lo en Eurovisi\u00f3n. <strong>Te quiero<\/strong> mucho, Blas&amp;rdquor;.<\/p>\n<p>Al t\u00e9rmino de la gala, Blas Cant\u00f3 se mostraba muy satisfecho con el desarrollo de la misma. &#8220;Estoy muy contento y feliz, aunque estaba muy nervioso porque period cantar las dos canciones candidatas y la emoci\u00f3n nos envolv\u00eda: eso se nota a la hora de cantar en directo&amp;rdquor;, confes\u00f3.<\/p>\n<p>El cantante no quiso desvelar sus<strong> preferencias<\/strong> y zanj\u00f3 la cuesti\u00f3n con un frase enigm\u00e1tica: \u201cTen\u00eda mi <strong>favorita <\/strong>en mi coraz\u00f3n, pero \u2018Memoria\u2019 ha hecho un buen trabajo y estoy muy feliz. Me he sentido muy acompa\u00f1ado, <strong>muy querido<\/strong>, muy arropado&amp;mldr; Estoy muy contento de que hagamos televisi\u00f3n para alegrar a la gente en casa&amp;rdquor;.<\/p>\n<p>Ahora habr\u00e1 que <strong>amoldar<\/strong> la balada elegida a los gustos europeos. &#8220;Queda mucho trabajo hasta mayo: hay que perfilarla y trabajarla, hablar de la entrada <strong>a capella<\/strong>, de los coros&#8230; Esto es un peque\u00f1o<strong> boceto <\/strong>de lo que puede pasar en Rotterdam. Y creo que podemos emocionar&#8221;, explic\u00f3.<\/p>\n<h3>P\u00e9rdidas humanas<\/h3>\n<p>\t<span class=\"smallTitle\">Te puede interesar<\/span><\/p>\n<p>En cuanto al <strong>mensaje<\/strong> que lleva dentro la canci\u00f3n elegida, el joven artista lo relaciona con los <strong>momentos cr\u00edticos<\/strong> que se viven en el mundo por culpa de la pandemia. \u201cEs muy emocionante cantar \u2018Voy a quedarme\u2019 por las personas que<strong> he perdido <\/strong>este a\u00f1o. Pero tambi\u00e9n es una canci\u00f3n muy<strong> esperanzadora <\/strong>porque sabes que se van a quedar contigo para siempre y que hay que cantarla con el coraz\u00f3n&amp;rdquor;, precis\u00f3.<\/p>\n<p>\u00a0<\/p>\n<\/p><\/div>\n\n<p><em> &#8221; Fuentes www.elperiodico.com &#8221; <\/em><\/p>\n","protected":false},"excerpt":{"rendered":"<p>Blas Cant\u00f3 prepara ya su participaci\u00f3n en el Pageant de Eurovisi\u00f3n con la balada \u2018Voy a quedarme\u2019, pero cruza los dedos porque en realidad lo que quiere no es quedarse en Espa\u00f1a por la pandemia, sino poder viajar en mayo a Rotterdam para representar a TVE. La sombra interminable del coronavirus planea sobre esta azarosa [&hellip;]<\/p>\n","protected":false},"author":4,"featured_media":85034,"comment_status":"open","ping_status":"closed","sticky":false,"template":"","format":"standard","meta":{"om_disable_all_campaigns":false,"jnews-multi-image_gallery":[],"jnews_single_post":[],"jnews_primary_category":[],"jnews_social_meta":[],"footnotes":""},"categories":[39],"tags":[18015,55,18016,8631],"class_list":["post-85033","post","type-post","status-publish","format-standard","has-post-thumbnail","hentry","category-viajes","tag-blas-canto","tag-coronavirus","tag-eurovision-2020","tag-holanda"],"_links":{"self":[{"href":"https:\/\/dimensionturistica.com\/es\/wp-json\/wp\/v2\/posts\/85033","targetHints":{"allow":["GET"]}}],"collection":[{"href":"https:\/\/dimensionturistica.com\/es\/wp-json\/wp\/v2\/posts"}],"about":[{"href":"https:\/\/dimensionturistica.com\/es\/wp-json\/wp\/v2\/types\/post"}],"author":[{"embeddable":true,"href":"https:\/\/dimensionturistica.com\/es\/wp-json\/wp\/v2\/users\/4"}],"replies":[{"embeddable":true,"href":"https:\/\/dimensionturistica.com\/es\/wp-json\/wp\/v2\/comments?post=85033"}],"version-history":[{"count":0,"href":"https:\/\/dimensionturistica.com\/es\/wp-json\/wp\/v2\/posts\/85033\/revisions"}],"wp:featuredmedia":[{"embeddable":true,"href":"https:\/\/dimensionturistica.com\/es\/wp-json\/wp\/v2\/media\/85034"}],"wp:attachment":[{"href":"https:\/\/dimensionturistica.com\/es\/wp-json\/wp\/v2\/media?parent=85033"}],"wp:term":[{"taxonomy":"category","embeddable":true,"href":"https:\/\/dimensionturistica.com\/es\/wp-json\/wp\/v2\/categories?post=85033"},{"taxonomy":"post_tag","embeddable":true,"href":"https:\/\/dimensionturistica.com\/es\/wp-json\/wp\/v2\/tags?post=85033"}],"curies":[{"name":"wp","href":"https:\/\/api.w.org\/{rel}","templated":true}]}}