{"id":84995,"date":"2021-02-22T13:33:34","date_gmt":"2021-02-22T13:33:34","guid":{"rendered":"https:\/\/dimensionturistica.com\/es\/?p=84995"},"modified":"2021-02-22T13:33:34","modified_gmt":"2021-02-22T13:33:34","slug":"al-menos-8-equipos-agricolas-resultaron-afectados-por-incendio-en-fundo-de-concejal-de-lautaro-nacional","status":"publish","type":"post","link":"https:\/\/dimensionturistica.com\/es\/al-menos-8-equipos-agricolas-resultaron-afectados-por-incendio-en-fundo-de-concejal-de-lautaro-nacional\/","title":{"rendered":"Al menos 8 equipos agr\u00edcolas resultaron afectados por incendio en fundo de concejal de Lautaro | Nacional"},"content":{"rendered":"<p> <br \/>\n<\/p>\n<div>\n<div class=\"bbcl-alert alert-en-desarrollo\">\n<p>\n                        <span class=\"fas fa-info-circle\"\/> Noticia en Desarrollo\n                    <\/p>\n<p>\n                        Estamos recopilando m\u00e1s antecedentes sobre esta noticia, qu\u00e9date atento a las<br \/>\n                        actualizaciones.\n                    <\/p>\n<\/p><\/div>\n<div class=\"banners-contenido-nota-4834053\">\n<p><strong>Al menos 8 m\u00e1quinas de uso agr\u00edcola resultaron afectadas por un incendio presuntamente intencional a un galp\u00f3n de un fundo El Crucero en Lautaro<\/strong>, propiedad del concejal de la comuna Carlos Guti\u00e9rrez (RN) .<\/p>\n<p>Seg\u00fan antecedentes que maneja Radio B\u00edo B\u00edo, se quemaron dos sembradoras, rastras, incorporadores de uso agr\u00edcola, 1.500 pulgadas de madera, 100 toneladas de cal y otros art\u00edculos de uso agr\u00edcola.<\/p>\n<p>El fundo El Crucero es colindante al fundo El Aromo, donde el \u00faltimo fin de semana se registraron incidentes entre comunidades mapuches y agricultores por un intento de toma de ese terreno, lo que llev\u00f3 a la intervenci\u00f3n de Carabineros y la detenci\u00f3n de dos personas.<\/p>\n<p>Tras este incendio, Bomberos de la comuna de Lautaro se trasladaron al fundo Miraflores de la misma comuna, donde a\u00fan se est\u00e1 indagando el origen de las llamas.<\/p>\n<p>Adem\u00e1s, este lunes tambi\u00e9n se registr\u00f3 un incendio en el fundo Cahuenmpagne en el sector Vacas Sagradas en la comuna de Freire, donde se encontraron panfletos alusivos a la causa mapuche y donde se quemaron 4 m\u00e1quinas cosecheras, 3 tractores, 1 carro y se registraron disparos a una casa y a perros.<\/p>\n<\/p><\/div><\/div>\n<p><script\n            async\n            defer\n            crossorigin=\"anonymous\"\n            src=\"https:\/\/connect.facebook.net\/es_LA\/sdk.js#xfbml=1&#038;version=v5.0&#038;appId=448496728510945\"\n        ><\/script><br \/>\n<br \/><\/p>\n<p><em> &#8221; Fuentes www.biobiochile.cl &#8221; <\/em><\/p>\n","protected":false},"excerpt":{"rendered":"<p>Noticia en Desarrollo Estamos recopilando m\u00e1s antecedentes sobre esta noticia, qu\u00e9date atento a las actualizaciones. Al menos 8 m\u00e1quinas de uso agr\u00edcola resultaron afectadas por un incendio presuntamente intencional a un galp\u00f3n de un fundo El Crucero en Lautaro, propiedad del concejal de la comuna Carlos Guti\u00e9rrez (RN) . Seg\u00fan antecedentes que maneja Radio B\u00edo [&hellip;]<\/p>\n","protected":false},"author":4,"featured_media":84996,"comment_status":"open","ping_status":"closed","sticky":false,"template":"","format":"standard","meta":{"om_disable_all_campaigns":false,"jnews-multi-image_gallery":[],"jnews_single_post":[],"jnews_primary_category":[],"jnews_social_meta":[],"footnotes":""},"categories":[41],"tags":[18013,18014],"class_list":["post-84995","post","type-post","status-publish","format-standard","has-post-thumbnail","hentry","category-cruceros","tag-region-de-la-araucania","tag-temuco"],"_links":{"self":[{"href":"https:\/\/dimensionturistica.com\/es\/wp-json\/wp\/v2\/posts\/84995","targetHints":{"allow":["GET"]}}],"collection":[{"href":"https:\/\/dimensionturistica.com\/es\/wp-json\/wp\/v2\/posts"}],"about":[{"href":"https:\/\/dimensionturistica.com\/es\/wp-json\/wp\/v2\/types\/post"}],"author":[{"embeddable":true,"href":"https:\/\/dimensionturistica.com\/es\/wp-json\/wp\/v2\/users\/4"}],"replies":[{"embeddable":true,"href":"https:\/\/dimensionturistica.com\/es\/wp-json\/wp\/v2\/comments?post=84995"}],"version-history":[{"count":0,"href":"https:\/\/dimensionturistica.com\/es\/wp-json\/wp\/v2\/posts\/84995\/revisions"}],"wp:featuredmedia":[{"embeddable":true,"href":"https:\/\/dimensionturistica.com\/es\/wp-json\/wp\/v2\/media\/84996"}],"wp:attachment":[{"href":"https:\/\/dimensionturistica.com\/es\/wp-json\/wp\/v2\/media?parent=84995"}],"wp:term":[{"taxonomy":"category","embeddable":true,"href":"https:\/\/dimensionturistica.com\/es\/wp-json\/wp\/v2\/categories?post=84995"},{"taxonomy":"post_tag","embeddable":true,"href":"https:\/\/dimensionturistica.com\/es\/wp-json\/wp\/v2\/tags?post=84995"}],"curies":[{"name":"wp","href":"https:\/\/api.w.org\/{rel}","templated":true}]}}