{"id":84989,"date":"2021-02-22T13:16:26","date_gmt":"2021-02-22T13:16:26","guid":{"rendered":"https:\/\/dimensionturistica.com\/es\/?p=84989"},"modified":"2021-02-22T13:16:26","modified_gmt":"2021-02-22T13:16:26","slug":"turismo-tiempos-oscuros","status":"publish","type":"post","link":"https:\/\/dimensionturistica.com\/es\/turismo-tiempos-oscuros\/","title":{"rendered":"Turismo: tiempos oscuros"},"content":{"rendered":"<p> <br \/>\n<\/p>\n<div>\n<p>Nosotros estimamos que el sector tur\u00edstico caer\u00e1 en 2020 alrededor de 27.8%, es decir, m\u00e1s de tres veces lo que cae el conjunto de la econom\u00eda, dijo Francisco Madrid Flores, del Centro de Investigaci\u00f3n y Competitividad Tur\u00edstica An\u00e1huac (Cicotur).<\/p>\n<p>En una charla que sostuvimos me se\u00f1al\u00f3 que la reducci\u00f3n del tr\u00e1nsito de turistas internacionales a M\u00e9xico ha sido ligeramente menor, particularmente con Estados Unidos debido a que las fronteras estaban abiertas, lo que permiti\u00f3 un tr\u00e1nsito del 50%, pero que a finales de enero con la decisi\u00f3n del gobierno de Canad\u00e1 de cerrar la circulaci\u00f3n con los destinos de playa mexicanos, se ver\u00e1 reducido las visitas de los canadienses en un mill\u00f3n de personas de aqu\u00ed hasta abril, lo que supone un reducci\u00f3n en el gasto de mil millones de d\u00f3lares.<\/p>\n<p>\u201cEl mercado est\u00e1 muy afectado, seguramente con esta disposici\u00f3n y la de Estados Unidos con la petici\u00f3n de pruebas, no tendremos los mismos resultados que en otros a\u00f1os. De acuerdo con los datos econ\u00f3micos de INEGI, se estima que hay 650 mil empresas tur\u00edsticas, de las cuales 93% son micro, que tienen menos de 10 empleados. Sin duda estas empresas son las que sufren un impacto muy grande porque no tienen la capacidad de recuperarse, un ejemplo son los restaurantes donde se han perdido 100 mil unidades econ\u00f3micas, lo que significa que hay una grave afectaci\u00f3n\u201d, expresa.<\/p>\n<p>Un estudio de Cicotur se\u00f1ala que el deterioro del empleo formal en establecimientos de alimentos y bebidas contin\u00faa en enero de este a\u00f1o, con una p\u00e9rdida de 22.8% respecto a enero del 2020, lo que implica a poco m\u00e1s de 168 mil personas sin empleo formal y derechos laborales.<\/p>\n<p>En cuanto al empleo en servicios de hospedaje el n\u00famero de asegurados es menor. Tan solo al inicio del a\u00f1o los hoteles del pa\u00eds operaron con 108 mil colaboradores menos con respecto a enero de 2020. Cerca de la mitad (47.2%) de los empleos formales perdidos entre enero de 2020 y enero de 2021 pertenecen a la industria tur\u00edstica, por lo que el impacto de la pandemia por Covid-19 en el empleo formal en la industria de la hospitalidad ha sido \u201cbrutal\u201d, resalta el documento.<\/p>\n<p>El\u00a0Instituto Nacional de Estad\u00edstica y Geograf\u00eda (Inegi), inform\u00f3 que en 2020\u00a0hubo un desplome de 46% en la llegada de turistas internacionales a M\u00e9xico, alcanzando apenas una cifra de 24 millones 315 mil 759 de viajeros extranjeros de los 45 millones 024 mil 453 que vinieron al pa\u00eds en 2019.<\/p>\n<p>El complete de visitantes de internaci\u00f3n cay\u00f3 53.7% anual, los ingresos por v\u00eda a\u00e9rea apenas alcanzaron los ocho millones 390 mil 750 registros, una contracci\u00f3n de 57.3% anual; mientras que por tierra llegaron dos millones 456 mil 367 personas, lo que indica un retroceso de 40.4% en comparaci\u00f3n con 2019.<\/p>\n<p>La Asociaci\u00f3n para la Cultura y el Turismo en Am\u00e9rica Latina (Precise), estim\u00f3 que de marzo de 2020 a marzo de 202, la industria de cruceros en M\u00e9xico habr\u00e1 perdido cuatro mil 500 millones de pesos y 18 mil empleos directos.\u00a0<\/p>\n<p>Francisco Madrid sostiene que para que la industria del turismo se recupere es indispensable que en M\u00e9xico haya una cobertura adecuada en el tema de vacunaci\u00f3n, o de lo contrario, los flujos tur\u00edsticos seguir\u00e1n afect\u00e1ndose por el temor a una exposici\u00f3n; as\u00ed como, poner a los trabajadores de la industria en los primeros lugares de procesos de vacunaci\u00f3n, campa\u00f1as para incentivar el turismo, medidas legislativas para el apoyo a la recuperaci\u00f3n tur\u00edstica, paquetes de ayuda para las empresas, por mencionar algunas.<\/p>\n<p>Son tiempos oscuros para el turismo, cube Francisco Madrid, y m\u00e1s aun, cuando a diferencia de muchos otros pa\u00edses que han apostado a programas de emergencia econ\u00f3mica y a incentivos robustos para el sector tur\u00edstico, as\u00ed como a un muy agresivo programa de vacunaci\u00f3n, aqu\u00ed la premisa elementary ha sido &#8220;s\u00e1lvanse qui\u00e9n pueda&#8221;, y aunque tarde, todav\u00eda hay tiempo para pasar de la oscuridad a rendijas y ventanas por donde pase la luz y la recuperaci\u00f3n de este sector generador de divisas y millones de empleos.<\/p>\n<p><em>Senadora de la Rep\u00fablica<\/em><\/p>\n<\/div>\n<p><script async defer crossorigin=\"anonymous\" src=\"https:\/\/connect.facebook.net\/es_LA\/sdk.js#xfbml=1&#038;version=v5.0&#038;appId=163316950407128&#038;autoLogAppEvents=1\"><\/script><br \/>\n<br \/><\/p>\n<p><em> &#8221; Fuentes www.eluniversal.com.mx &#8221; <\/em><\/p>\n","protected":false},"excerpt":{"rendered":"<p>Nosotros estimamos que el sector tur\u00edstico caer\u00e1 en 2020 alrededor de 27.8%, es decir, m\u00e1s de tres veces lo que cae el conjunto de la econom\u00eda, dijo Francisco Madrid Flores, del Centro de Investigaci\u00f3n y Competitividad Tur\u00edstica An\u00e1huac (Cicotur). En una charla que sostuvimos me se\u00f1al\u00f3 que la reducci\u00f3n del tr\u00e1nsito de turistas internacionales a [&hellip;]<\/p>\n","protected":false},"author":4,"featured_media":84990,"comment_status":"open","ping_status":"closed","sticky":false,"template":"","format":"standard","meta":{"om_disable_all_campaigns":false,"jnews-multi-image_gallery":[],"jnews_single_post":[],"jnews_primary_category":[],"jnews_social_meta":[],"footnotes":""},"categories":[41],"tags":[18012],"class_list":["post-84989","post","type-post","status-publish","format-standard","has-post-thumbnail","hentry","category-cruceros","tag-josefina-vazquez-mota"],"_links":{"self":[{"href":"https:\/\/dimensionturistica.com\/es\/wp-json\/wp\/v2\/posts\/84989","targetHints":{"allow":["GET"]}}],"collection":[{"href":"https:\/\/dimensionturistica.com\/es\/wp-json\/wp\/v2\/posts"}],"about":[{"href":"https:\/\/dimensionturistica.com\/es\/wp-json\/wp\/v2\/types\/post"}],"author":[{"embeddable":true,"href":"https:\/\/dimensionturistica.com\/es\/wp-json\/wp\/v2\/users\/4"}],"replies":[{"embeddable":true,"href":"https:\/\/dimensionturistica.com\/es\/wp-json\/wp\/v2\/comments?post=84989"}],"version-history":[{"count":0,"href":"https:\/\/dimensionturistica.com\/es\/wp-json\/wp\/v2\/posts\/84989\/revisions"}],"wp:featuredmedia":[{"embeddable":true,"href":"https:\/\/dimensionturistica.com\/es\/wp-json\/wp\/v2\/media\/84990"}],"wp:attachment":[{"href":"https:\/\/dimensionturistica.com\/es\/wp-json\/wp\/v2\/media?parent=84989"}],"wp:term":[{"taxonomy":"category","embeddable":true,"href":"https:\/\/dimensionturistica.com\/es\/wp-json\/wp\/v2\/categories?post=84989"},{"taxonomy":"post_tag","embeddable":true,"href":"https:\/\/dimensionturistica.com\/es\/wp-json\/wp\/v2\/tags?post=84989"}],"curies":[{"name":"wp","href":"https:\/\/api.w.org\/{rel}","templated":true}]}}