{"id":848738,"date":"2024-08-29T00:43:02","date_gmt":"2024-08-29T00:43:02","guid":{"rendered":"https:\/\/dimensionturistica.com\/es\/?p=848738"},"modified":"2024-08-29T00:43:02","modified_gmt":"2024-08-29T00:43:02","slug":"confirman-la-modificacion-que-entrara-en-vigor-el-1-de-septiembre","status":"publish","type":"post","link":"https:\/\/dimensionturistica.com\/es\/confirman-la-modificacion-que-entrara-en-vigor-el-1-de-septiembre\/","title":{"rendered":"Confirman la modificaci\u00f3n que entrar\u00e1 en vigor el 1 de septiembre"},"content":{"rendered":"<p><strong>Viajar Ligero se Renueva: Una Nueva Era para el Equipaje de Mano en Aviones<\/strong><\/p>\n<p>En septiembre, el mundo de la aviaci\u00f3n experimentar\u00e1 un cambio significativo que marcar\u00e1 el inicio de una nueva era en la experiencia de vuelo. Los viajeros habituados a llevar consigo su equipaje de mano a bordo del avi\u00f3n deber\u00e1n adaptarse a nuevas normativas que prometen revolucionar la manera en que volamos.<\/p>\n<p>Durante a\u00f1os, el equipaje de mano ha sido un fiel compa\u00f1ero de viaje para millones de personas alrededor del mundo. La comodidad de llevar todo lo necesario consigo, evitando esperas en cintas de equipaje o el riesgo de p\u00e9rdida de maletas, ha sido una constante en la experiencia a\u00e9rea. Sin embargo, con el objetivo de mejorar la agilidad en los embarques y desembarques, y potenciar la comodidad durante el vuelo, se ha confirmado un cambio importante en la pol\u00edtica de equipaje de mano.<\/p>\n<p>A partir de este mes de septiembre, los pasajeros deber\u00e1n ajustarse a nuevas normas que buscan optimizar los tiempos y el espacio dentro de la cabina. La iniciativa surge como respuesta a un an\u00e1lisis detallado de las pr\u00e1cticas de vuelo y el feedback de pasajeros alrededor del mundo, buscando ofrecer un servicio m\u00e1s eficiente y placentero para todos.<\/p>\n<p>\u00bfQu\u00e9 significa este cambio para el viajero? Ante todo, una oportunidad para redescubrir la forma en que empacamos y qu\u00e9 consideramos esencial para nuestro viaje. Si bien para algunos esta modificaci\u00f3n podr\u00eda percibirse inicialmente como una limitaci\u00f3n, en realidad invita a una experiencia de vuelo m\u00e1s \u00e1gil y organizada, donde cada pasajero disfrutar\u00e1 de mayor comodidad y un acceso m\u00e1s r\u00e1pido a sus necesidades durante el vuelo.<\/p>\n<p>Adem\u00e1s, esta nueva normativa abre la puerta a innovaciones en el dise\u00f1o de equipajes y accesorios de viaje. Las empresas especializadas ya est\u00e1n trabajando en soluciones creativas que se adapten a las nuevas necesidades de los viajeros, ofreciendo productos m\u00e1s compactos, funcionales y, sobre todo, conformes a las reglas actuales.<\/p>\n<p>Este cambio tambi\u00e9n responde a un enfoque m\u00e1s sustentable de viajar. Con menos equipaje de mano, se prev\u00e9 una reducci\u00f3n en el peso de la aeronave, lo que se traduce en un menor consumo de combustible y una disminuci\u00f3n de las emisiones de CO2, aline\u00e1ndose con los esfuerzos globales por un turismo m\u00e1s responsable y ecol\u00f3gico.<\/p>\n<p>\u00bfEst\u00e1s listo para esta nueva experiencia de vuelo? La invitaci\u00f3n es a abrazar el cambio, explorar nuevas formas de empacar y disfrutar de los beneficios que esta renovaci\u00f3n promete. Acomp\u00e1\u00f1anos en este viaje hacia un futuro m\u00e1s \u00e1gil, c\u00f3modo y sostenible. Viajar ligero no solo es una cuesti\u00f3n de peso, sino de adaptarse y aprovechar al m\u00e1ximo cada aventura que nos espera en el cielo.<\/p>\n<p><em> &#8221; Sources okdiario.com &#8221; <\/em><\/p>\n<p><em> &#8221; Fuentes okdiario.com &#8221; <\/em><\/p>\n","protected":false},"excerpt":{"rendered":"<p>Viajar Ligero se Renueva: Una Nueva Era para el Equipaje de Mano en Aviones En septiembre, el mundo de la aviaci\u00f3n experimentar\u00e1 un cambio significativo que marcar\u00e1 el inicio de una nueva era en la experiencia de vuelo. Los viajeros habituados a llevar consigo su equipaje de mano a bordo del avi\u00f3n deber\u00e1n adaptarse a [&hellip;]<\/p>\n","protected":false},"author":4,"featured_media":845811,"comment_status":"open","ping_status":"closed","sticky":false,"template":"","format":"standard","meta":{"om_disable_all_campaigns":false,"jnews-multi-image_gallery":[],"jnews_single_post":[],"jnews_primary_category":[],"jnews_social_meta":[],"footnotes":""},"categories":[39],"tags":[6189,5606],"class_list":["post-848738","post","type-post","status-publish","format-standard","has-post-thumbnail","hentry","category-viajes","tag-cambio","tag-septiembre"],"_links":{"self":[{"href":"https:\/\/dimensionturistica.com\/es\/wp-json\/wp\/v2\/posts\/848738","targetHints":{"allow":["GET"]}}],"collection":[{"href":"https:\/\/dimensionturistica.com\/es\/wp-json\/wp\/v2\/posts"}],"about":[{"href":"https:\/\/dimensionturistica.com\/es\/wp-json\/wp\/v2\/types\/post"}],"author":[{"embeddable":true,"href":"https:\/\/dimensionturistica.com\/es\/wp-json\/wp\/v2\/users\/4"}],"replies":[{"embeddable":true,"href":"https:\/\/dimensionturistica.com\/es\/wp-json\/wp\/v2\/comments?post=848738"}],"version-history":[{"count":0,"href":"https:\/\/dimensionturistica.com\/es\/wp-json\/wp\/v2\/posts\/848738\/revisions"}],"wp:featuredmedia":[{"embeddable":true,"href":"https:\/\/dimensionturistica.com\/es\/wp-json\/wp\/v2\/media\/845811"}],"wp:attachment":[{"href":"https:\/\/dimensionturistica.com\/es\/wp-json\/wp\/v2\/media?parent=848738"}],"wp:term":[{"taxonomy":"category","embeddable":true,"href":"https:\/\/dimensionturistica.com\/es\/wp-json\/wp\/v2\/categories?post=848738"},{"taxonomy":"post_tag","embeddable":true,"href":"https:\/\/dimensionturistica.com\/es\/wp-json\/wp\/v2\/tags?post=848738"}],"curies":[{"name":"wp","href":"https:\/\/api.w.org\/{rel}","templated":true}]}}