{"id":84851,"date":"2021-02-22T07:14:05","date_gmt":"2021-02-22T07:14:05","guid":{"rendered":"https:\/\/dimensionturistica.com\/es\/?p=84851"},"modified":"2021-02-22T07:14:05","modified_gmt":"2021-02-22T07:14:05","slug":"el-mini-cooper-se-recibe-la-edicion-especial-mini-electric-collection-2021","status":"publish","type":"post","link":"https:\/\/dimensionturistica.com\/es\/el-mini-cooper-se-recibe-la-edicion-especial-mini-electric-collection-2021\/","title":{"rendered":"El MINI Cooper SE recibe la edici\u00f3n especial MINI Electric Collection 2021"},"content":{"rendered":"<p> <br \/>\n<\/p>\n<div id=\"\">\n<p>El <strong>MINI Cooper SE<\/strong> es un lanzamiento muy importante para la marca de Oxford, pues se trata de su <a rel=\"nofollow noopener\" target=\"_blank\" href=\"https:\/\/noticias.coches.com\/noticias-motor\/mini-cooper-se-electrico-2020\/346787\">primer el\u00e9ctrico<\/a> de nueva generaci\u00f3n despu\u00e9s de alg\u00fan proyecto piloto en el pasado. Nos dej\u00f3 unas buenas sensaciones <a rel=\"nofollow noopener\" target=\"_blank\" href=\"https:\/\/noticias.coches.com\/pruebas\/mini-cooper-se-electrico-prueba-contacto\/409865\">cuando lo probamos<\/a> y creemos que puede ser una opci\u00f3n interesante para los que busquen un coche con etiqueta CERO para moverse por ciudad. Ahora se desvela con la edici\u00f3n especial <strong>MINI Electrical Assortment 2021<\/strong>.<\/p>\n<p>Como si de una colecci\u00f3n de moda se tratase, este nivel de equipamiento se suma a la gama del el\u00e9ctrico para <strong>complacer a los m\u00e1s inconformistas<\/strong>. Destaca por una llamativa configuraci\u00f3n que incluye el nuevo coloration Island Blue metalizado y el <strong>techo multitono<\/strong>. Es una t\u00e9cnica de pintura novedosa que consiste en un degrado que va desde el San Marino Blue, pasando por el Pearly Aqua, hasta el Jet Black. Las carcasas de los retrovisores, los logotipos, la parrilla o las manillas de las puertas van en negro haciendo contraste.<\/p>\n<p><span height=\"467\" width=\"700\" class=\"css-17i0deu e16qyzlb0\"><noscript><img decoding=\"async\" alt=\"\"  class=\"frontity-lazy-image alignnone size-large wp-image-416979\" loading=\"lazy\" height=\"467\" src=\"https:\/\/dimensionturistica.com\/es\/wp-content\/uploads\/2021\/02\/El-MINI-Cooper-SE-recibe-la-edicion-especial-MINI-Electric.jpeg\" \/><\/noscript><img alt=\"\" data-src=\"https:\/\/dimensionturistica.com\/es\/wp-content\/uploads\/2021\/02\/El-MINI-Cooper-SE-recibe-la-edicion-especial-MINI-Electric.jpeg\" data-  class=\"frontity-lazy-image alignnone size-large wp-image-416979\" loading=\"lazy\" style=\"visibility:hidden\" height=\"467\"\/><\/span><\/p>\n<p>Las <strong>llantas de 17 pulgadas<\/strong> tienen ese dise\u00f1o semi-carenado asim\u00e9trico que no pasa desapercibido y trae los faros LED adaptativos incluidos en su equipamiento. Tambi\u00e9n tiene el logotipo MINI Electrical impreso en los umbrales de las puertas y un inside configurado de forma especial. Los asientos deportivos van cubiertos por una <strong>tapicer\u00eda mixta de tela y s\u00edmil piel<\/strong> en coloration Mild Gray, mientras que las inserciones son las MINI Yours Aluminium. El volante deportivo de cuero napa lleva el logotipo de la edici\u00f3n.\u00a0<\/p>\n<p>El MINI Cooper SE con este acabado MINI Electrical Assortment 2021 tambi\u00e9n puede contar con algunos <strong>paquetes de equipamiento adicionales<\/strong>, como el Linked Navigation Plus (Head-Up Show, carga inal\u00e1mbrica y conectividad avanzada) o Asistencia al Conductor Plus (management activo de crucero con Cease &amp; Go o alerta de abandono involuntario de carril). Lo que no cambia es su sistema de propulsi\u00f3n el\u00e9ctrico.<\/p>\n<p><span height=\"394\" width=\"700\" class=\"css-haerkw e16qyzlb0\"><noscript><img decoding=\"async\" alt=\"\"  class=\"frontity-lazy-image alignnone size-large wp-image-417009\" loading=\"lazy\" height=\"394\" src=\"https:\/\/dimensionturistica.com\/es\/wp-content\/uploads\/2021\/02\/1613978044_459_El-MINI-Cooper-SE-recibe-la-edicion-especial-MINI-Electric.jpeg\" \/><\/noscript><img alt=\"\" data-src=\"https:\/\/dimensionturistica.com\/es\/wp-content\/uploads\/2021\/02\/1613978044_459_El-MINI-Cooper-SE-recibe-la-edicion-especial-MINI-Electric.jpeg\" data-  class=\"frontity-lazy-image alignnone size-large wp-image-417009\" loading=\"lazy\" style=\"visibility:hidden\" height=\"394\"\/><\/span><\/p>\n<p>Con <strong>184 CV y 270 Nm de par,<\/strong> el MINI Cooper SE es capaz de acelerar de 0 a 100 km\/h en 7,3 segundos (con un 0 a 60 km\/h en 3,9 segundos). Adem\u00e1s, su bater\u00eda de 32,6 kWh de capacidad le hace homologar una autonom\u00eda el\u00e9ctrica de hasta 234 kil\u00f3metros. Esta l\u00ednea de equipamiento MINI Electrical Assortment 2021 estar\u00e1 disponible<strong> a partir del pr\u00f3ximo mes marzo<\/strong> en nuestro pa\u00eds.<\/p>\n<p>Galer\u00eda de fotos:<\/p>\n<figure class=\"wp-gallery css-pz9tux\"><span class=\"css-0\"><span class=\"css-19lp2uh\"><span class=\"css-wnk9jy\"><img decoding=\"async\" alt=\"\" src=\"https:\/\/dimensionturistica.com\/es\/wp-content\/uploads\/2021\/02\/1613978044_398_El-MINI-Cooper-SE-recibe-la-edicion-especial-MINI-Electric.jpeg\" loading=\"lazy\" class=\"css-f981y9\"\/><span class=\"css-1ra3onx\"><span class=\"css-iiuu6i\">1\/61<\/span>Fotos<\/span><button aria-label=\"Siguiente foto\" class=\"css-i1w6s3\"><svg xmlns=\"http:\/\/www.w3.org\/2000\/svg\" width=\"20\" height=\"20\" viewbox=\"0 0 24 24\" fill=\"none\" stroke=\"currentColor\" stroke-width=\"2\" stroke-linecap=\"round\" stroke-linejoin=\"round\"><polyline points=\"9 18 15 12 9 6\"\/><\/svg><\/button><\/span><\/span><\/span><\/figure>\n<\/div>\n\n<p><em> &#8221; Fuentes noticias.coches.com &#8221; <\/em><\/p>\n","protected":false},"excerpt":{"rendered":"<p>El MINI Cooper SE es un lanzamiento muy importante para la marca de Oxford, pues se trata de su primer el\u00e9ctrico de nueva generaci\u00f3n despu\u00e9s de alg\u00fan proyecto piloto en el pasado. Nos dej\u00f3 unas buenas sensaciones cuando lo probamos y creemos que puede ser una opci\u00f3n interesante para los que busquen un coche con [&hellip;]<\/p>\n","protected":false},"author":4,"featured_media":84852,"comment_status":"open","ping_status":"closed","sticky":false,"template":"","format":"standard","meta":{"om_disable_all_campaigns":false,"jnews-multi-image_gallery":[],"jnews_single_post":[],"jnews_primary_category":[],"jnews_social_meta":[],"footnotes":""},"categories":[41],"tags":[],"class_list":["post-84851","post","type-post","status-publish","format-standard","has-post-thumbnail","hentry","category-cruceros"],"_links":{"self":[{"href":"https:\/\/dimensionturistica.com\/es\/wp-json\/wp\/v2\/posts\/84851","targetHints":{"allow":["GET"]}}],"collection":[{"href":"https:\/\/dimensionturistica.com\/es\/wp-json\/wp\/v2\/posts"}],"about":[{"href":"https:\/\/dimensionturistica.com\/es\/wp-json\/wp\/v2\/types\/post"}],"author":[{"embeddable":true,"href":"https:\/\/dimensionturistica.com\/es\/wp-json\/wp\/v2\/users\/4"}],"replies":[{"embeddable":true,"href":"https:\/\/dimensionturistica.com\/es\/wp-json\/wp\/v2\/comments?post=84851"}],"version-history":[{"count":0,"href":"https:\/\/dimensionturistica.com\/es\/wp-json\/wp\/v2\/posts\/84851\/revisions"}],"wp:featuredmedia":[{"embeddable":true,"href":"https:\/\/dimensionturistica.com\/es\/wp-json\/wp\/v2\/media\/84852"}],"wp:attachment":[{"href":"https:\/\/dimensionturistica.com\/es\/wp-json\/wp\/v2\/media?parent=84851"}],"wp:term":[{"taxonomy":"category","embeddable":true,"href":"https:\/\/dimensionturistica.com\/es\/wp-json\/wp\/v2\/categories?post=84851"},{"taxonomy":"post_tag","embeddable":true,"href":"https:\/\/dimensionturistica.com\/es\/wp-json\/wp\/v2\/tags?post=84851"}],"curies":[{"name":"wp","href":"https:\/\/api.w.org\/{rel}","templated":true}]}}