{"id":848279,"date":"2024-08-28T01:37:23","date_gmt":"2024-08-28T01:37:23","guid":{"rendered":"https:\/\/dimensionturistica.com\/es\/?p=848279"},"modified":"2024-08-28T01:37:23","modified_gmt":"2024-08-28T01:37:23","slug":"confirman-la-modificacion-a-partir-del-1-de-septiembre-3","status":"publish","type":"post","link":"https:\/\/dimensionturistica.com\/es\/confirman-la-modificacion-a-partir-del-1-de-septiembre-3\/","title":{"rendered":"Confirman la modificaci\u00f3n a partir del 1 de septiembre"},"content":{"rendered":"<p>Viajar nunca ha sido tan emocionante como en estos d\u00edas, donde cada vuelo nos lleva a nuevas aventuras y experiencias. Sin embargo, uno de los aspectos m\u00e1s fastidiosos de viajar es, y siempre ha sido, el manejo del equipaje. A todos nos gusta llevar con nosotros esos peque\u00f1os lujos que hacen de nuestro viaje uno m\u00e1s agradable, pero siempre bajo las restricciones y limitaciones impuestas por las aerol\u00edneas. Por eso, es relevante destacar un cambio significativo en las pol\u00edticas de equipaje de mano que est\u00e1 capturando la atenci\u00f3n de viajeros alrededor del mundo.<\/p>\n<p>Desde tempranas fechas de septiembre de este a\u00f1o, las reglas respecto al equipaje de mano en numerosas aerol\u00edneas han experimentado modificaciones que es imperativo conocer para evitar sorpresas desagradables el d\u00eda de nuestro vuelo. Las compa\u00f1\u00edas a\u00e9reas, en un esfuerzo por optimizar el espacio y mejorar la comodidad durante el vuelo, han decidido implementar cambios significativos en lo que respecta al equipaje que los pasajeros pueden llevar consigo en cabina.<\/p>\n<p>Este cambio implica una reducci\u00f3n en el tama\u00f1o permitido para el equipaje de mano, una medida que busca agilizar los procesos de embarque y desembarque, adem\u00e1s de maximizar el aprovechamiento del espacio en el compartimento superior. Si bien esta nueva pol\u00edtica puede ser vista como un inconveniente por muchos, tambi\u00e9n es una oportunidad para repensar la manera en que empacamos y lo que verdaderamente necesitamos llevar en nuestro viaje.<\/p>\n<p>Para los viajeros frecuentes, este cambio sugiere una transici\u00f3n hacia la optimizaci\u00f3n del espacio y la selecci\u00f3n cuidadosa de art\u00edculos esenciales. Es un buen momento para invertir en equipaje que cumpla con las nuevas especificaciones y para explorar consejos de viaje que nos ense\u00f1en a empacar de manera m\u00e1s eficiente. Por ejemplo, optar por ropa vers\u00e1til que pueda ser utilizada en m\u00faltiples combinaciones, adquirir versiones de viaje de nuestros art\u00edculos de higiene personal, y aprovechar dispositivos electr\u00f3nicos multifuncionales, puede hacer una gran diferencia.<\/p>\n<p>Adem\u00e1s, con este cambio, las aerol\u00edneas buscan incentivar el uso del equipaje facturado, lo que podr\u00eda resultar en procesos m\u00e1s r\u00e1pidos en la puerta de embarque, menos congestionamientos en los pasillos del avi\u00f3n y, en general, una experiencia de vuelo m\u00e1s placentera para todos. Sin embargo, es importante tener en cuenta que esto podr\u00eda significar costos adicionales por facturaci\u00f3n de maletas, as\u00ed que es recomendable revisar la pol\u00edtica de tarifas de la aerol\u00ednea antes de planear nuestro viaje.<\/p>\n<p>Aunque a primera vista los nuevos l\u00edmites en el equipaje de mano pueden parecer restrictivos, si nos adaptamos, pueden ofrecer una oportunidad para hacer de la experiencia de viajar algo m\u00e1s \u00e1gil y menos estresante. La clave est\u00e1 en ser m\u00e1s conscientes y selectivos con lo que decidimos llevarnos.<\/p>\n<p>En conclusi\u00f3n, este cambio en las pol\u00edticas de equipaje de mano representa tanto un desaf\u00edo como una oportunidad para los viajeros modernos. Nos invita a replantear nuestras estrategias de empacado y a adaptarnos a una forma de viajar m\u00e1s sencilla y eficiente. Al final del d\u00eda, el objetivo de viajar es explorar, descubrir y disfrutar, y con un poco de planificaci\u00f3n y adaptabilidad, las nuevas regulaciones de equipaje no tienen por qu\u00e9 restarle valor a nuestra experiencia de viaje. Prep\u00e1rate, empaca inteligentemente, y mant\u00e9n la mente abierta a esta nueva fase en la aventura de viajar.<\/p>\n<p><em> &#8221; Sources okdiario.com &#8221; <\/em><\/p>\n<p><em> &#8221; Fuentes okdiario.com &#8221; <\/em><\/p>\n","protected":false},"excerpt":{"rendered":"<p>Viajar nunca ha sido tan emocionante como en estos d\u00edas, donde cada vuelo nos lleva a nuevas aventuras y experiencias. Sin embargo, uno de los aspectos m\u00e1s fastidiosos de viajar es, y siempre ha sido, el manejo del equipaje. A todos nos gusta llevar con nosotros esos peque\u00f1os lujos que hacen de nuestro viaje uno [&hellip;]<\/p>\n","protected":false},"author":4,"featured_media":845811,"comment_status":"open","ping_status":"closed","sticky":false,"template":"","format":"standard","meta":{"om_disable_all_campaigns":false,"jnews-multi-image_gallery":[],"jnews_single_post":[],"jnews_primary_category":[],"jnews_social_meta":[],"footnotes":""},"categories":[39],"tags":[6189,5606],"class_list":["post-848279","post","type-post","status-publish","format-standard","has-post-thumbnail","hentry","category-viajes","tag-cambio","tag-septiembre"],"_links":{"self":[{"href":"https:\/\/dimensionturistica.com\/es\/wp-json\/wp\/v2\/posts\/848279","targetHints":{"allow":["GET"]}}],"collection":[{"href":"https:\/\/dimensionturistica.com\/es\/wp-json\/wp\/v2\/posts"}],"about":[{"href":"https:\/\/dimensionturistica.com\/es\/wp-json\/wp\/v2\/types\/post"}],"author":[{"embeddable":true,"href":"https:\/\/dimensionturistica.com\/es\/wp-json\/wp\/v2\/users\/4"}],"replies":[{"embeddable":true,"href":"https:\/\/dimensionturistica.com\/es\/wp-json\/wp\/v2\/comments?post=848279"}],"version-history":[{"count":0,"href":"https:\/\/dimensionturistica.com\/es\/wp-json\/wp\/v2\/posts\/848279\/revisions"}],"wp:featuredmedia":[{"embeddable":true,"href":"https:\/\/dimensionturistica.com\/es\/wp-json\/wp\/v2\/media\/845811"}],"wp:attachment":[{"href":"https:\/\/dimensionturistica.com\/es\/wp-json\/wp\/v2\/media?parent=848279"}],"wp:term":[{"taxonomy":"category","embeddable":true,"href":"https:\/\/dimensionturistica.com\/es\/wp-json\/wp\/v2\/categories?post=848279"},{"taxonomy":"post_tag","embeddable":true,"href":"https:\/\/dimensionturistica.com\/es\/wp-json\/wp\/v2\/tags?post=848279"}],"curies":[{"name":"wp","href":"https:\/\/api.w.org\/{rel}","templated":true}]}}