{"id":84794,"date":"2021-02-22T02:50:20","date_gmt":"2021-02-22T02:50:20","guid":{"rendered":"https:\/\/dimensionturistica.com\/es\/?p=84794"},"modified":"2021-02-22T02:50:20","modified_gmt":"2021-02-22T02:50:20","slug":"cruceros-de-adicion-neta-de-nomina-despues-de-caer-durante-dos-meses-ezanime-net","status":"publish","type":"post","link":"https:\/\/dimensionturistica.com\/es\/cruceros-de-adicion-neta-de-nomina-despues-de-caer-durante-dos-meses-ezanime-net\/","title":{"rendered":"Cruceros de adici\u00f3n neta de n\u00f3mina despu\u00e9s de caer durante dos meses \u2013 EzAnime.net"},"content":{"rendered":"<p> <br \/>\n<\/p>\n<div id=\"post-74198\">&#13;<br \/>\n&#13;<\/p>\n<div class=\"post-thumbnail\"><img decoding=\"async\" width=\"620\" height=\"386\" src=\"https:\/\/dimensionturistica.com\/es\/wp-content\/uploads\/2021\/02\/Cruceros-de-adicion-neta-de-nomina-despues-de-caer-durante.jpg\" class=\"attachment-metro-magazine-with-sidebar size-metro-magazine-with-sidebar wp-post-image\" alt=\"\" loading=\"lazy\" itemprop=\"image\"  \/><\/div>\n<header class=\"entry-header\">\n                <!-- .entry-meta --><br \/>\n            <\/header>\n<p>    &#13;<\/p>\n<div class=\"entry-content\">\n<p>\t            La formalizaci\u00f3n de la econom\u00eda se aceler\u00f3 en diciembre, despu\u00e9s de caer en octubre y noviembre en el a\u00f1o fiscal en curso.  La adici\u00f3n neta de la n\u00f3mina aument\u00f3 a 12,5 billones en diciembre desde los 8,7 billones del mes anterior.<\/p>\n<p>Sin embargo, la adici\u00f3n neta de n\u00f3mina o la adici\u00f3n neta a la base de suscriptores del fondo de previsi\u00f3n para empleados (EPF) en diciembre fue un poco menor que la cifra de septiembre cuando se levant\u00f3 el bloqueo en la mayor\u00eda de las \u00e1reas.  Muchos consideran que la suma neta de la n\u00f3mina es un indicador de la creaci\u00f3n de empleo, pero existe una superposici\u00f3n entre las cifras del EPF, el Sistema Nacional de Pensiones y la Corporaci\u00f3n Estatal de Seguros de los Empleados.  Hay m\u00faltiples cambios en las cifras de EPF, por lo que es mejor considerarlo como una formalizaci\u00f3n de la econom\u00eda. <\/p>\n<p>\t\t<img decoding=\"async\" loading=\"lazy\" align=\"left\" alt=\"gr\u00e1fico\" class=\"imgCont\" height=\"386\" src=\"https:\/\/dimensionturistica.com\/es\/wp-content\/uploads\/2021\/02\/1613962220_982_Cruceros-de-adicion-neta-de-nomina-despues-de-caer-durante.jpg\" style=\"border: 1px solid #DDD; margin-right: 10px; padding: 1px; float: left; z-index: 0;\" title=\"gr\u00e1fico\" width=\"620\"\/><br \/>.<\/p>\n<p>.<\/p>\n<h2><img decoding=\"async\" src=\"https:\/\/dimensionturistica.com\/es\/wp-content\/uploads\/2021\/02\/Cruceros-de-adicion-neta-de-nomina-despues-de-caer-durante.png\"\/>  Querido lector,<\/h2>\n<p>Enterprise Normal siempre se ha esforzado por brindar informaci\u00f3n y comentarios actualizados sobre los desarrollos que son de su inter\u00e9s y tienen implicaciones pol\u00edticas y econ\u00f3micas m\u00e1s amplias para el pa\u00eds y el mundo.  Su aliento y comentarios constantes sobre c\u00f3mo mejorar nuestra oferta solo han fortalecido nuestra determinaci\u00f3n y compromiso con estos ideales.  Incluso durante estos tiempos dif\u00edciles que surgen de Covid-19, seguimos comprometidos a mantenerlo informado y actualizado con noticias cre\u00edbles, opiniones autorizadas y comentarios incisivos sobre temas de actualidad de relevancia.<br \/>Sin embargo, tenemos una solicitud.\n<\/p>\n<p>Mientras luchamos contra el impacto econ\u00f3mico de la pandemia, necesitamos su apoyo a\u00fan m\u00e1s para poder seguir ofreci\u00e9ndole m\u00e1s contenido de calidad.  Nuestro modelo de suscripci\u00f3n ha recibido una respuesta alentadora de muchos de ustedes, que se han suscrito a nuestro contenido en l\u00ednea.  Una mayor suscripci\u00f3n a nuestro contenido en l\u00ednea solo puede ayudarnos a lograr los objetivos de ofrecerle contenido a\u00fan mejor y m\u00e1s relevante.  Creemos en el periodismo libre, justo y cre\u00edble.  Su apoyo a trav\u00e9s de m\u00e1s suscripciones puede ayudarnos a practicar el periodismo con el que estamos comprometidos.\n<\/p>\n<p>Apoye el periodismo de calidad y suscr\u00edbase a Enterprise Normal.\n<\/p>\n<p>Editor digital\n<\/p>\n<p>Primera publicaci\u00f3n: domingo 21 de febrero de 2021. 23:14 IST\t\t\t\t<\/p>\n<\/p><\/div>\n<p><!-- .entry-content -->&#13;<br \/>\n&#13;<\/p>\n<footer class=\"entry-footer\">&#13;<br \/>\n\t\t\t<\/footer>\n<p><!-- .entry-footer -->&#13;\n<\/div>\n<p><script>!function(f,b,e,v,n,t,s){if(f.fbq)return;n=f.fbq=function(){n.callMethod?n.callMethod.apply(n,arguments):n.queue.push(arguments)};if(!f._fbq)f._fbq=n;n.push=n;n.loaded=!0;n.version='2.0';n.queue=[];t=b.createElement(e);t.async=!0;t.src=v;s=b.getElementsByTagName(e)[0];s.parentNode.insertBefore(t,s)}(window,document,'script','https:\/\/connect.facebook.net\/en_US\/fbevents.js');fbq('init','550264998751686');fbq('track','PageView');<\/script><br \/>\n<br \/><\/p>\n<p><em> &#8221; Fuentes www.ezanime.net &#8221; <\/em><\/p>\n","protected":false},"excerpt":{"rendered":"<p>&#13; &#13; &#13; La formalizaci\u00f3n de la econom\u00eda se aceler\u00f3 en diciembre, despu\u00e9s de caer en octubre y noviembre en el a\u00f1o fiscal en curso. La adici\u00f3n neta de la n\u00f3mina aument\u00f3 a 12,5 billones en diciembre desde los 8,7 billones del mes anterior. Sin embargo, la adici\u00f3n neta de n\u00f3mina o la adici\u00f3n neta [&hellip;]<\/p>\n","protected":false},"author":4,"featured_media":84795,"comment_status":"open","ping_status":"closed","sticky":false,"template":"","format":"standard","meta":{"om_disable_all_campaigns":false,"jnews-multi-image_gallery":[],"jnews_single_post":[],"jnews_primary_category":[],"jnews_social_meta":[],"footnotes":""},"categories":[41],"tags":[],"class_list":["post-84794","post","type-post","status-publish","format-standard","has-post-thumbnail","hentry","category-cruceros"],"_links":{"self":[{"href":"https:\/\/dimensionturistica.com\/es\/wp-json\/wp\/v2\/posts\/84794","targetHints":{"allow":["GET"]}}],"collection":[{"href":"https:\/\/dimensionturistica.com\/es\/wp-json\/wp\/v2\/posts"}],"about":[{"href":"https:\/\/dimensionturistica.com\/es\/wp-json\/wp\/v2\/types\/post"}],"author":[{"embeddable":true,"href":"https:\/\/dimensionturistica.com\/es\/wp-json\/wp\/v2\/users\/4"}],"replies":[{"embeddable":true,"href":"https:\/\/dimensionturistica.com\/es\/wp-json\/wp\/v2\/comments?post=84794"}],"version-history":[{"count":0,"href":"https:\/\/dimensionturistica.com\/es\/wp-json\/wp\/v2\/posts\/84794\/revisions"}],"wp:featuredmedia":[{"embeddable":true,"href":"https:\/\/dimensionturistica.com\/es\/wp-json\/wp\/v2\/media\/84795"}],"wp:attachment":[{"href":"https:\/\/dimensionturistica.com\/es\/wp-json\/wp\/v2\/media?parent=84794"}],"wp:term":[{"taxonomy":"category","embeddable":true,"href":"https:\/\/dimensionturistica.com\/es\/wp-json\/wp\/v2\/categories?post=84794"},{"taxonomy":"post_tag","embeddable":true,"href":"https:\/\/dimensionturistica.com\/es\/wp-json\/wp\/v2\/tags?post=84794"}],"curies":[{"name":"wp","href":"https:\/\/api.w.org\/{rel}","templated":true}]}}