{"id":847488,"date":"2024-08-26T18:14:06","date_gmt":"2024-08-26T18:14:06","guid":{"rendered":"https:\/\/dimensionturistica.com\/es\/?p=847488"},"modified":"2024-08-26T18:14:06","modified_gmt":"2024-08-26T18:14:06","slug":"la-encantadora-costa-cantabra-que-se-convirtio-en-aerodromo-inesperado","status":"publish","type":"post","link":"https:\/\/dimensionturistica.com\/es\/la-encantadora-costa-cantabra-que-se-convirtio-en-aerodromo-inesperado\/","title":{"rendered":"La encantadora costa c\u00e1ntabra que se convirti\u00f3 en aer\u00f3dromo inesperado"},"content":{"rendered":"<p>En las profundidades del norte de Espa\u00f1a, en la regi\u00f3n de Cantabria, se esconde una joya natural que no solo atrae a quienes buscan la paz de sus aguas y la belleza de sus paisajes, sino tambi\u00e9n a aquellos que se deleitan con historias singularmente fascinantes. Se trata de la Playa del Sable, un enclave que, m\u00e1s all\u00e1 de su evidente encanto, alberga una historia tan ins\u00f3lita como cautivadora: la de convertirse, por un breve per\u00edodo, en un aeropuerto accidental.<\/p>\n<p>Cubierta por finas arenas y rodeada de una vegetaci\u00f3n que parece acunarla, esta playa cant\u00e1brica ha sido testigo de numerosos atardeceres pac\u00edficos y ma\u00f1anas soleadas en que los visitantes se sumergen en el refrescante azul del mar Cant\u00e1brico. Sin embargo, su tranquilidad se vio sorpresivamente interrumpida durante un episodio ocurrido en 1961, cuando el inexorable destino la eligi\u00f3 para protagonizar un momento \u00fanico en la historia aeron\u00e1utica de Espa\u00f1a.<\/p>\n<p>En aquel entonces, un avi\u00f3n irland\u00e9s que cubr\u00eda la ruta entre S\u00eddney y Londres, con paradas previstas en ciudades de la talla de Nueva York o Barcelona, encontr\u00f3 en la Playa del Sable su inesperado destino. Debido a un conjunto de circunstancias imprevistas, como la falta de visibilidad y el mal tiempo, los pilotos realizaron una maniobra de emergencia que culmin\u00f3 con un aterrizaje forzoso pero afortunadamente seguro en la blanda arena de esta playa cant\u00e1brica. Lo que podr\u00eda haber sido una tragedia se convirti\u00f3 en un episodio heroico y en una muestra de pericia y calma bajo presi\u00f3n.<\/p>\n<p>Este evento no solo dej\u00f3 una an\u00e9cdota para la posteridad, sino que tambi\u00e9n marc\u00f3 a la comunidad local y a los visitantes que, por aquel entonces, se encontraban en la zona. El avi\u00f3n, un Lockheed Constellation L-749A, qued\u00f3 varado en la playa durante varios d\u00edas, convirti\u00e9ndose en una atracci\u00f3n improvisada para curiosos y turistas, antes de que las condiciones permitieran su reparaci\u00f3n y posterior despegue, continuando as\u00ed con su viaje.<\/p>\n<p>Hoy, la Playa del Sable es un destino que ofrece mucho m\u00e1s que un espect\u00e1culo natural. Aunque sus aguas ya no reflejan el inusual silueta de un avi\u00f3n varado, los ecos de este acontecimiento siguen presentes en la memoria de quienes conocen su historia. Visitar esta playa no es solo disfrutar de un d\u00eda de sol o del relajante sonido de las olas; es tambi\u00e9n conectar con un momento \u00fanico en el tiempo, un instante en que la naturaleza y la tecnolog\u00eda se encontraron de la manera m\u00e1s inesperada.<\/p>\n<p>Para aquellos que planean una visita a Cantabria, incluir la Playa del Sable en su itinerario no solo garantiza la vivencia de contemplar paisajes id\u00edlicos y disfrutar de actividades al aire libre, sino tambi\u00e9n la oportunidad de pisar un lugar que, por un breve lapso, jug\u00f3 un papel ins\u00f3lito en la historia de la aviaci\u00f3n. Este rinc\u00f3n de Espa\u00f1a ofrece una mezcla perfecta de naturaleza, historia y curiosidades, convirti\u00e9ndolo en un sitio imprescindible para cualquier viajero \u00e1vido de historias que trascienden el paso del tiempo.<\/p>\n<p><em> &#8221; Sources viajes.nationalgeographic.com.es &#8221; <\/em><\/p>\n<p><em> &#8221; Fuentes viajes.nationalgeographic.com.es &#8221; <\/em><\/p>\n","protected":false},"excerpt":{"rendered":"<p>En las profundidades del norte de Espa\u00f1a, en la regi\u00f3n de Cantabria, se esconde una joya natural que no solo atrae a quienes buscan la paz de sus aguas y la belleza de sus paisajes, sino tambi\u00e9n a aquellos que se deleitan con historias singularmente fascinantes. Se trata de la Playa del Sable, un enclave [&hellip;]<\/p>\n","protected":false},"author":4,"featured_media":847010,"comment_status":"open","ping_status":"closed","sticky":false,"template":"","format":"standard","meta":{"om_disable_all_campaigns":false,"jnews-multi-image_gallery":[],"jnews_single_post":[],"jnews_primary_category":[],"jnews_social_meta":[],"footnotes":""},"categories":[39],"tags":[186660,5845,710,5683,6643,5686,2189,6735,545],"class_list":["post-847488","post","type-post","status-publish","format-standard","has-post-thumbnail","hentry","category-viajes","tag-aeropuerto-accidental","tag-cantabria","tag-ciencia","tag-geographic","tag-historia","tag-national","tag-naturaleza","tag-playa","tag-viajes"],"_links":{"self":[{"href":"https:\/\/dimensionturistica.com\/es\/wp-json\/wp\/v2\/posts\/847488","targetHints":{"allow":["GET"]}}],"collection":[{"href":"https:\/\/dimensionturistica.com\/es\/wp-json\/wp\/v2\/posts"}],"about":[{"href":"https:\/\/dimensionturistica.com\/es\/wp-json\/wp\/v2\/types\/post"}],"author":[{"embeddable":true,"href":"https:\/\/dimensionturistica.com\/es\/wp-json\/wp\/v2\/users\/4"}],"replies":[{"embeddable":true,"href":"https:\/\/dimensionturistica.com\/es\/wp-json\/wp\/v2\/comments?post=847488"}],"version-history":[{"count":0,"href":"https:\/\/dimensionturistica.com\/es\/wp-json\/wp\/v2\/posts\/847488\/revisions"}],"wp:featuredmedia":[{"embeddable":true,"href":"https:\/\/dimensionturistica.com\/es\/wp-json\/wp\/v2\/media\/847010"}],"wp:attachment":[{"href":"https:\/\/dimensionturistica.com\/es\/wp-json\/wp\/v2\/media?parent=847488"}],"wp:term":[{"taxonomy":"category","embeddable":true,"href":"https:\/\/dimensionturistica.com\/es\/wp-json\/wp\/v2\/categories?post=847488"},{"taxonomy":"post_tag","embeddable":true,"href":"https:\/\/dimensionturistica.com\/es\/wp-json\/wp\/v2\/tags?post=847488"}],"curies":[{"name":"wp","href":"https:\/\/api.w.org\/{rel}","templated":true}]}}