{"id":84732,"date":"2021-02-21T22:44:08","date_gmt":"2021-02-21T22:44:08","guid":{"rendered":"https:\/\/dimensionturistica.com\/es\/?p=84732"},"modified":"2021-02-21T22:44:08","modified_gmt":"2021-02-21T22:44:08","slug":"grand-princess-regresa-durante-dos-semanas-a-vallarta","status":"publish","type":"post","link":"https:\/\/dimensionturistica.com\/es\/grand-princess-regresa-durante-dos-semanas-a-vallarta\/","title":{"rendered":"Grand Princess regresa durante dos semanas a Vallarta"},"content":{"rendered":"<p> <br \/>\n<\/p>\n<div>\n<p>De acuerdo con informaci\u00f3n de la Administraci\u00f3n Portuaria Integral de Puerto Vallarta, estar\u00e1 en la ciudad del 19 de febrero al 6 de marzo (tentativamente) el crucero Grand Princess, el cual arrib\u00f3 este fin de semana, pero estuvo fondeado, es decir hasta este domingo no estaba anclado a ninguno de los muelles de la dependencia.<\/p>\n<p>El barco viene un poco m\u00e1s de 140 tripulantes para funcionalidad del nav\u00edo, y ser\u00e1 hasta este lunes cuando la API de a conocer m\u00e1s detalles la visita del buque a esta ciudad, el cual no es la primera vez que est\u00e1 en el destino.<\/p>\n<p>Cabe mencionar que la llegada de estos cruceros es para realizar &#8220;Puentes Humanitarios\u201d o bien abastecerse de alimentos, combustibles y m\u00e1s. Ya que se han cerrado muchos puertos ante esta pandemia.\u00a0<\/p>\n<p>Adem\u00e1s, para cualquier llegada de barcos, se cuenta con la presencia de autoridades como Sanidad Internacional, Migraci\u00f3n, Aduana y SENASICA, con las que se realiza la \u201cLibre Pl\u00e1tica\u201d verificando, entre otras cosas, la salud de la tripulaci\u00f3n.<\/p>\n<p>Aunque a\u00fan no se sabe el motivo de dicho barco a Puerto Vallarta, el cual se pudo ver fondeado desde distintas playas como es la de Camarones.\u00a0<\/p>\n<p>A\u00fan en Puerto Vallarta no se sabe cu\u00e1ndo podr\u00edan comenzar a llegar los cruceros tur\u00edsticos, ya que las navieras no han dado una fecha exacta para empezar con las operaciones.<\/p>\n<\/div>\n\n<p><em> &#8221; Fuentes tribunadelabahia.com.mx &#8221; <\/em><\/p>\n","protected":false},"excerpt":{"rendered":"<p>De acuerdo con informaci\u00f3n de la Administraci\u00f3n Portuaria Integral de Puerto Vallarta, estar\u00e1 en la ciudad del 19 de febrero al 6 de marzo (tentativamente) el crucero Grand Princess, el cual arrib\u00f3 este fin de semana, pero estuvo fondeado, es decir hasta este domingo no estaba anclado a ninguno de los muelles de la dependencia. [&hellip;]<\/p>\n","protected":false},"author":4,"featured_media":84733,"comment_status":"open","ping_status":"closed","sticky":false,"template":"","format":"standard","meta":{"om_disable_all_campaigns":false,"jnews-multi-image_gallery":[],"jnews_single_post":[],"jnews_primary_category":[],"jnews_social_meta":[],"footnotes":""},"categories":[41],"tags":[],"class_list":["post-84732","post","type-post","status-publish","format-standard","has-post-thumbnail","hentry","category-cruceros"],"_links":{"self":[{"href":"https:\/\/dimensionturistica.com\/es\/wp-json\/wp\/v2\/posts\/84732","targetHints":{"allow":["GET"]}}],"collection":[{"href":"https:\/\/dimensionturistica.com\/es\/wp-json\/wp\/v2\/posts"}],"about":[{"href":"https:\/\/dimensionturistica.com\/es\/wp-json\/wp\/v2\/types\/post"}],"author":[{"embeddable":true,"href":"https:\/\/dimensionturistica.com\/es\/wp-json\/wp\/v2\/users\/4"}],"replies":[{"embeddable":true,"href":"https:\/\/dimensionturistica.com\/es\/wp-json\/wp\/v2\/comments?post=84732"}],"version-history":[{"count":0,"href":"https:\/\/dimensionturistica.com\/es\/wp-json\/wp\/v2\/posts\/84732\/revisions"}],"wp:featuredmedia":[{"embeddable":true,"href":"https:\/\/dimensionturistica.com\/es\/wp-json\/wp\/v2\/media\/84733"}],"wp:attachment":[{"href":"https:\/\/dimensionturistica.com\/es\/wp-json\/wp\/v2\/media?parent=84732"}],"wp:term":[{"taxonomy":"category","embeddable":true,"href":"https:\/\/dimensionturistica.com\/es\/wp-json\/wp\/v2\/categories?post=84732"},{"taxonomy":"post_tag","embeddable":true,"href":"https:\/\/dimensionturistica.com\/es\/wp-json\/wp\/v2\/tags?post=84732"}],"curies":[{"name":"wp","href":"https:\/\/api.w.org\/{rel}","templated":true}]}}