{"id":846869,"date":"2024-08-25T05:12:07","date_gmt":"2024-08-25T05:12:07","guid":{"rendered":"https:\/\/dimensionturistica.com\/es\/?p=846869"},"modified":"2024-08-25T05:12:07","modified_gmt":"2024-08-25T05:12:07","slug":"empresaria-boliviana-de-turismo-emocionada-por-su-futuro-viaje-a-cuba-foto","status":"publish","type":"post","link":"https:\/\/dimensionturistica.com\/es\/empresaria-boliviana-de-turismo-emocionada-por-su-futuro-viaje-a-cuba-foto\/","title":{"rendered":"Empresaria boliviana de turismo emocionada por su futuro viaje a Cuba (+Foto)"},"content":{"rendered":"<p><strong>De Bolivia a Cuba: Un Puente de Ilusi\u00f3n y Emprendimiento en el Turismo<\/strong><\/p>\n<p>En el \u00e1mbito del turismo, las historias de pasi\u00f3n, sue\u00f1o, y emprendimiento cruzan fronteras, conectando destinos con la riqueza de experiencias humanas. Una de estas narrativas cobr\u00f3 vida recientemente, protagonizada por una joven emprendedora boliviana cuya aventura hacia Cuba se perfila no solo como un viaje de negocios, sino tambi\u00e9n como una exploraci\u00f3n personal y cultural.<\/p>\n<p>La protagonista de este relato es una boliviana que dej\u00f3 su marca en el sector tur\u00edstico de su pa\u00eds, dedic\u00e1ndose con pasi\u00f3n a mostrar la belleza y diversidad de Bolivia al mundo. Su compromiso con la excelencia y su visi\u00f3n innovadora la llevaron a ser reconocida dentro de su comunidad y m\u00e1s all\u00e1. Sin embargo, su esp\u00edritu inquieto y su deseo de crecimiento la impulsaron a mirar hacia nuevos horizontes, encontrando en Cuba el escenario perfecto para su pr\u00f3xima aventura.<\/p>\n<p>Cuba, con su rica historia, cultura vibrante y paisajes de ensue\u00f1o, representa para muchos emprendedores del turismo un lienzo en blanco listo para ser explorado. Para nuestra emprendedora boliviana, el viaje a la isla no era solo una oportunidad de negocios; era tambi\u00e9n una ocasi\u00f3n para sumergirse en un entorno totalmente distinto, enriqueciendo su perspectiva y ampliando su visi\u00f3n del mundo del turismo.<\/p>\n<p>Al planificar su viaje, su entusiasmo era palpable. No se trataba solo de la posibilidad de establecer v\u00ednculos comerciales con contrapartes cubanas, sino de la oportunidad de experimentar la autenticidad de Cuba, desde su m\u00fasica y arte hasta la c\u00e1lida hospitalidad de su gente. Este viaje representaba la posibilidad de tejer conexiones que trascienden lo puramente comercial, creando lazos de amistad y colaboraci\u00f3n que pueden nutrir y enriquecer su emprendimiento boliviano.<\/p>\n<p>La preparaci\u00f3n para su viaje estuvo llena de investigaci\u00f3n y planificaci\u00f3n meticulosa. Sab\u00eda que entender el contexto cubano, con todas sus bellezas y desaf\u00edos, era clave para construir puentes s\u00f3lidos de cooperaci\u00f3n tur\u00edstica. Esta emprendedora estaba dispuesta a aprender, adaptarse y, sobre todo, contribuir desde su experiencia al intercambio cultural y econ\u00f3mico entre Bolivia y Cuba.<\/p>\n<p>Su historia es un recordatorio vibrante de c\u00f3mo el turismo, en su mejor expresi\u00f3n, puede ser un veh\u00edculo para el entendimiento intercultural, la colaboraci\u00f3n econ\u00f3mica y el desarrollo personal. A trav\u00e9s de esta traves\u00eda, la emprendedora no solo busca expandir su negocio, sino tambi\u00e9n enriquecer su alma, demostrando que el verdadero valor del turismo reside en las conexiones humanas que se forjan y los horizontes que se ampl\u00edan.<\/p>\n<p>Este viaje, aunque singular, refleja una tendencia creciente en el mundo del turismo: la de exploradores y emprendedores que se aventuran m\u00e1s all\u00e1 de lo conocido, buscando no solo \u00e9xito econ\u00f3mico, sino tambi\u00e9n experiencias transformadoras. La odisea de nuestra emprendedora boliviana hacia Cuba es un testimonio del poder del turismo para unir mundos, sue\u00f1os y personas en una tapezzeria de colores, sabores y melod\u00edas.<\/p>\n<p>Mientras espera con ilusi\u00f3n su llegada a la isla caribe\u00f1a, la comunidad tur\u00edstica y sus seguidores aguardan con expectativa las historias, aprendizajes y oportunidades que surgir\u00e1n de esta confluencia de pasiones y culturas. Su viaje est\u00e1 destinado a ser no solo un hito en su carrera profesional, sino tambi\u00e9n un cap\u00edtulo inspirador en la historia del turismo latinoamericano.<\/p>\n<p><em> &#8221; Sources www.prensa-latina.cu &#8221; <\/em><\/p>\n<p><em> &#8221; Sources www.prensa-latina.cu &#8221; <\/em><\/p>\n","protected":false},"excerpt":{"rendered":"<p>De Bolivia a Cuba: Un Puente de Ilusi\u00f3n y Emprendimiento en el Turismo En el \u00e1mbito del turismo, las historias de pasi\u00f3n, sue\u00f1o, y emprendimiento cruzan fronteras, conectando destinos con la riqueza de experiencias humanas. Una de estas narrativas cobr\u00f3 vida recientemente, protagonizada por una joven emprendedora boliviana cuya aventura hacia Cuba se perfila no [&hellip;]<\/p>\n","protected":false},"author":4,"featured_media":846870,"comment_status":"open","ping_status":"closed","sticky":false,"template":"","format":"standard","meta":{"om_disable_all_campaigns":false,"jnews-multi-image_gallery":[],"jnews_single_post":[],"jnews_primary_category":[],"jnews_social_meta":[],"footnotes":""},"categories":[40],"tags":[787,956,715,49296,2233,24557,186494,150176,544,681],"class_list":["post-846869","post","type-post","status-publish","format-standard","has-post-thumbnail","hentry","category-industria","tag-bolivia","tag-cuba","tag-economia","tag-emprendedora","tag-entrevista","tag-foto","tag-gran-premio-caravana-cuba-unica-en-bolivia","tag-prensa-latina-noticias","tag-turismo","tag-viaje"],"_links":{"self":[{"href":"https:\/\/dimensionturistica.com\/es\/wp-json\/wp\/v2\/posts\/846869","targetHints":{"allow":["GET"]}}],"collection":[{"href":"https:\/\/dimensionturistica.com\/es\/wp-json\/wp\/v2\/posts"}],"about":[{"href":"https:\/\/dimensionturistica.com\/es\/wp-json\/wp\/v2\/types\/post"}],"author":[{"embeddable":true,"href":"https:\/\/dimensionturistica.com\/es\/wp-json\/wp\/v2\/users\/4"}],"replies":[{"embeddable":true,"href":"https:\/\/dimensionturistica.com\/es\/wp-json\/wp\/v2\/comments?post=846869"}],"version-history":[{"count":0,"href":"https:\/\/dimensionturistica.com\/es\/wp-json\/wp\/v2\/posts\/846869\/revisions"}],"wp:featuredmedia":[{"embeddable":true,"href":"https:\/\/dimensionturistica.com\/es\/wp-json\/wp\/v2\/media\/846870"}],"wp:attachment":[{"href":"https:\/\/dimensionturistica.com\/es\/wp-json\/wp\/v2\/media?parent=846869"}],"wp:term":[{"taxonomy":"category","embeddable":true,"href":"https:\/\/dimensionturistica.com\/es\/wp-json\/wp\/v2\/categories?post=846869"},{"taxonomy":"post_tag","embeddable":true,"href":"https:\/\/dimensionturistica.com\/es\/wp-json\/wp\/v2\/tags?post=846869"}],"curies":[{"name":"wp","href":"https:\/\/api.w.org\/{rel}","templated":true}]}}