{"id":84656,"date":"2021-02-21T13:23:53","date_gmt":"2021-02-21T13:23:53","guid":{"rendered":"https:\/\/dimensionturistica.com\/es\/?p=84656"},"modified":"2021-02-21T13:23:53","modified_gmt":"2021-02-21T13:23:53","slug":"resulta-practicamente-imposible-no-alucinar-con-esta-oferta-de-volvo-rebaja-de-15-497-euros","status":"publish","type":"post","link":"https:\/\/dimensionturistica.com\/es\/resulta-practicamente-imposible-no-alucinar-con-esta-oferta-de-volvo-rebaja-de-15-497-euros\/","title":{"rendered":"Resulta pr\u00e1cticamente imposible no alucinar con esta oferta de Volvo: rebaja de 15.497 euros"},"content":{"rendered":"<p> <br \/>\n<\/p>\n<div id=\"cuerpo-noticia\">\n<p><a rel=\"nofollow noopener\" target=\"_blank\" href=\"https:\/\/motor.eldesmarque.com\/noticias\/1352154-mercedes-gla-o-volvo-xc-40-que-hibrido-enchufable-es-mejor-y-hay-ganador\"><strong>Volvo<\/strong><\/a> sigue trabajando en ampliar su cartera de clientes y lo hace con ofertas incre\u00edbles como la que ofrece este es de febrero para uno de sus modelos m\u00e1s exclusivos. Concretamente, para el <strong>Volvo V90 Cross Nation<\/strong>, un modelo que est\u00e1 disponible a un precio promocional rebajado en <strong>15.497 euros<\/strong>.<\/p>\n<p>El <strong>Volvo V90 Cross Nation<\/strong> es un modelo que mezcla las virtudes de los familiares cl\u00e1sicos y las de los <strong>SUV<\/strong>, gracias a su carrocer\u00eda elevada. Y entre sus bondades destacan su espacio inside, su comportamiento y confort en la marcha, la alt\u00edsima calidad de materiales y de construcci\u00f3n, y su dise\u00f1o atractivo y elegante. Y entre sus competidores destacan el <strong><a rel=\"nofollow noopener\" target=\"_blank\" href=\"https:\/\/motor.eldesmarque.com\/noticias\/1352214-suv-rival-de-audi-q2-esta-de-oferta-9-145-euros-mas-barato\">Audi<\/a> A6 Allroad<\/strong>, a partir de <strong>70.930 \u20ac,<\/strong> o el <strong><a rel=\"nofollow noopener\" target=\"_blank\" href=\"https:\/\/motor.eldesmarque.com\/noticias\/1352274-mercedes-clase-a-o-bmw-serie-2-cual-es-mejor-y-hay-vencedor\">Mercedes<\/a> Clase E<\/strong> <strong>All Terrain<\/strong>, desde <strong>70.650 euros<\/strong>.<\/p>\n<figure data-original=\"https:\/\/piks-eldesmarqueporta.netdna-ssl.com\/bin\/2019\/09\/24\/volvo_v90_coss_countryjpgjpg.jpg\" class=\"alignnone\">\n<img decoding=\"async\" src=\"https:\/\/dimensionturistica.com\/es\/wp-content\/uploads\/2021\/02\/Resulta-practicamente-imposible-no-alucinar-con-esta-oferta-de-Volvo.jpg\" alt=\"Volvo V90 Cross Country\"\/><figcaption>Volvo V90 Cross Nation<\/figcaption><\/figure>\n<h3><strong>La oferta para el Volvo V90 Cross Nation<\/strong><\/h3>\n<p>El <strong>V90 Cross Nation<\/strong>, por su parte, empieza en los <strong>65.147 \u20ac.<\/strong> Sin embargo, la firma sueca lo anuncia <a rel=\"nofollow noopener\" target=\"_blank\" href=\"https:\/\/www.volvocars.com\/\">en su p\u00e1gina web<\/a> por un precio de partida de <strong>49.650 \u20ac.<\/strong><\/p>\n<p>Para aprovechar la oferta es necesario financiar un m\u00ednimo de de 30.000 \u20ac con una duraci\u00f3n m\u00ednima de 48 meses y una permanencia m\u00ednima de 36 meses. La marca se reserva los datos referidos a los intereses y a las cuotas.<\/p>\n<figure data-original=\"https:\/\/piks-eldesmarqueporta.netdna-ssl.com\/bin\/2021\/02\/21\/volvo_v90_cross_country_1jpg.jpg\" class=\"alignnone\">\n<img decoding=\"async\" src=\"https:\/\/dimensionturistica.com\/es\/wp-content\/uploads\/2021\/02\/1613913832_953_Resulta-practicamente-imposible-no-alucinar-con-esta-oferta-de-Volvo.jpg\" alt=\"Volvo V90 Cross Country\"\/><figcaption>Volvo V90 Cross Nation<\/figcaption><\/figure>\n<h3><strong>As\u00ed es el V90 Cross Nation m\u00e1s barato<\/strong><\/h3>\n<p>Por este precio te llevar\u00e1s un <strong>V90 Cross Nation <\/strong>que se configura con un bloque <strong>h\u00edbrido B4 D de 2.0 litros<\/strong> que desarrolla <strong>211 CV<\/strong> de potencia y <strong>420 Nm de par m\u00e1ximo<\/strong>. Se asocia a un cambio de marchas autom\u00e1tico de 8 relaciones y un sistema de tracci\u00f3n whole.<\/p>\n<p>Gracias a ello acelera de <strong>0 a 100 km\/h en 8,8 segundos <\/strong>y registra un consumo medio de <strong>5,3 litros cada 100 km.<\/strong> Su velocidad m\u00e1xima, como en todos los Volvo, est\u00e1 limitada a 180 km\/h.<\/p>\n<figure data-original=\"https:\/\/piks-eldesmarqueporta.netdna-ssl.com\/bin\/2021\/02\/21\/volvo_v90_cross_countryjpg.jpg\" class=\"alignnone\">\n<img decoding=\"async\" src=\"https:\/\/dimensionturistica.com\/es\/wp-content\/uploads\/2021\/02\/1613913832_762_Resulta-practicamente-imposible-no-alucinar-con-esta-oferta-de-Volvo.jpg\" alt=\"Volvo V90 Cross Country\"\/><figcaption>Volvo V90 Cross Nation<\/figcaption><\/figure>\n<p>Y en <strong>equipamiento<\/strong> incluye, entre otros detalles, management de crucero, management de crucero adaptativo, sensor aparcamiento trasero, management de tracci\u00f3n, sistema de asistencia a la frenada, asistente de arranque en pendiente, frenada aut\u00f3noma de emergencia, frenada aut\u00f3noma de emergencia ciudad, detecci\u00f3n de peatones, alerta de cambio involuntario de carril, ESP para remolque, mantenimiento de carril o m\u00faltiples airbags.<\/p>\n<p><!-- Taboola --><!-- FIN Taboola --><!-- Taboola --><!-- FIN Taboola Organic -->              <\/div>\n<p><script>\nwindow.didomiOnReady.push(function() {\nif (Didomi.getUserConsentStatusForVendor('c:fbAnalytics') === true) {\neval($('.facebook_analiticas').text());\n!function(f,b,e,v,n,t,s)\n{if(f.fbq)return;n=f.fbq=function(){n.callMethod?\nn.callMethod.apply(n,arguments):n.queue.push(arguments)};\nif(!f._fbq)f._fbq=n;n.push=n;n.loaded=!0;n.version='2.0';\nn.queue=[];t=b.createElement(e);t.async=!0;\nt.src=v;s=b.getElementsByTagName(e)[0];\ns.parentNode.insertBefore(t,s)}(window, document,'script',\n'https:\/\/connect.facebook.net\/en_US\/fbevents.js');\nfbq('init', '1439026762775836');\nfbq('track', 'PageView');\nfbq('trackCustom', 'ViewMSContent', fb_analiticas);\n!function(f,b,e,v,n,t,s)\n{if(f.fbq)return;n=f.fbq=function(){n.callMethod?\nn.callMethod.apply(n,arguments):n.queue.push(arguments)};\nif(!f._fbq)f._fbq=n;n.push=n;n.loaded=!0;n.version='2.0';\nn.queue=[];t=b.createElement(e);t.async=!0;\nt.src=v;s=b.getElementsByTagName(e)[0];\ns.parentNode.insertBefore(t,s)}(window,document,'script',\n'https:\/\/connect.facebook.net\/en_US\/fbevents.js');\nfbq('init', '154862309291125');\nfbq('track', 'PageView');\n}\n});\n<\/script><br \/>\n<br \/><\/p>\n<p><em> &#8221; Fuentes motor.eldesmarque.com &#8221; <\/em><\/p>\n","protected":false},"excerpt":{"rendered":"<p>Volvo sigue trabajando en ampliar su cartera de clientes y lo hace con ofertas incre\u00edbles como la que ofrece este es de febrero para uno de sus modelos m\u00e1s exclusivos. Concretamente, para el Volvo V90 Cross Nation, un modelo que est\u00e1 disponible a un precio promocional rebajado en 15.497 euros. El Volvo V90 Cross Nation [&hellip;]<\/p>\n","protected":false},"author":4,"featured_media":84657,"comment_status":"open","ping_status":"closed","sticky":false,"template":"","format":"standard","meta":{"om_disable_all_campaigns":false,"jnews-multi-image_gallery":[],"jnews_single_post":[],"jnews_primary_category":[],"jnews_social_meta":[],"footnotes":""},"categories":[41],"tags":[],"class_list":["post-84656","post","type-post","status-publish","format-standard","has-post-thumbnail","hentry","category-cruceros"],"_links":{"self":[{"href":"https:\/\/dimensionturistica.com\/es\/wp-json\/wp\/v2\/posts\/84656","targetHints":{"allow":["GET"]}}],"collection":[{"href":"https:\/\/dimensionturistica.com\/es\/wp-json\/wp\/v2\/posts"}],"about":[{"href":"https:\/\/dimensionturistica.com\/es\/wp-json\/wp\/v2\/types\/post"}],"author":[{"embeddable":true,"href":"https:\/\/dimensionturistica.com\/es\/wp-json\/wp\/v2\/users\/4"}],"replies":[{"embeddable":true,"href":"https:\/\/dimensionturistica.com\/es\/wp-json\/wp\/v2\/comments?post=84656"}],"version-history":[{"count":0,"href":"https:\/\/dimensionturistica.com\/es\/wp-json\/wp\/v2\/posts\/84656\/revisions"}],"wp:featuredmedia":[{"embeddable":true,"href":"https:\/\/dimensionturistica.com\/es\/wp-json\/wp\/v2\/media\/84657"}],"wp:attachment":[{"href":"https:\/\/dimensionturistica.com\/es\/wp-json\/wp\/v2\/media?parent=84656"}],"wp:term":[{"taxonomy":"category","embeddable":true,"href":"https:\/\/dimensionturistica.com\/es\/wp-json\/wp\/v2\/categories?post=84656"},{"taxonomy":"post_tag","embeddable":true,"href":"https:\/\/dimensionturistica.com\/es\/wp-json\/wp\/v2\/tags?post=84656"}],"curies":[{"name":"wp","href":"https:\/\/api.w.org\/{rel}","templated":true}]}}