{"id":84638,"date":"2021-02-21T11:55:17","date_gmt":"2021-02-21T11:55:17","guid":{"rendered":"https:\/\/dimensionturistica.com\/es\/?p=84638"},"modified":"2021-02-21T11:55:17","modified_gmt":"2021-02-21T11:55:17","slug":"la-polica-nacional-desarticula-un-grupo-criminal-dedicado-a-la-venta-de-sustancias-estupefacientes-en-zaragoza-y-valencia","status":"publish","type":"post","link":"https:\/\/dimensionturistica.com\/es\/la-polica-nacional-desarticula-un-grupo-criminal-dedicado-a-la-venta-de-sustancias-estupefacientes-en-zaragoza-y-valencia\/","title":{"rendered":"La Polica Nacional desarticula un grupo criminal dedicado a la venta de sustancias estupefacientes en Zaragoza y Valencia"},"content":{"rendered":"<p> <br \/>\n<\/p>\n<div id=\"TextoNoticia\">\n<p>Agentes de la Jefatura Superior de Polic\u00eda de Arag\u00f3n\u00a0han detenido a\u00a0B.P.Z.; R.M.D.; G.C.G. y J.A.S.M. de entre 38 y 44 a\u00f1os de edad, <strong>como presuntos responsables de un delito de tr\u00e1fico de drogas y pertenencia a grupo legal.<\/strong> <strong>La investigaci\u00f3n, llevada a cabo por el grupo primero de Estupefacientes de la Brigada Regional de Polic\u00eda Judicial de Zaragoza, comenz\u00f3 el pasado mes de octubre<\/strong>, cuando los agentes tuvieron conocimiento de que un ciudadano de origen colombiano y afincado en la capital aragonesa, estaba dedic\u00e1ndose a la venta de diversas sustancias estupefacientes.<\/p>\n<p>&#13;<\/p>\n<p><strong>Las primeras pesquisas apuntaron a que este individuo no s\u00f3lo se dedicaba a la venta de estas sustancias, sino que realizaba frecuentes viajes a la ciudad de Valencia donde se aprovisionaba de la droga para posteriormente suministrarla en Zaragoza.<\/strong> Seg\u00fan avanzaba la investigaci\u00f3n, lograron localizar e identificar al resto de integrantes del grupo legal que estaban afincados en Valencia y Picassent, una localidad de la provincia valenciana. Fue entonces cuando los agentes se desplazaron hasta la ciudad levantina donde, en colaboraci\u00f3n con la UDYCO, los Gu\u00edas Caninos y la UPR de aquella Jefatura, procedieron a efectuar diversos registros domiciliarios.<\/p>\n<p>&#13;<\/p>\n<p>En estos registros fueron intervenidos diferentes utensilios de fabricaci\u00f3n, manipulaci\u00f3n y distribuci\u00f3n de las diferentes drogas, destacando unos moldes de madera troquelados en el anagrama de la &#8216;@&#8217; para dar la apariencia de authentic o pura a la ya adulterada con otros productos qu\u00edmicos. <strong>Sumado a lo anterior, tambi\u00e9n incautaron 4.500 dosis de coca\u00edna; 103 pastillas de anfetaminas; 70 gramos de cristal; 177 gramos de <em>tusi<\/em>, conocida como la coca\u00edna rosa, as\u00ed como dos veh\u00edculos.<\/strong><\/p>\n<p>&#13;<\/p>\n<h2>Primera incautaci\u00f3n de la droga &#8216;tusi&#8217; en Zaragoza<\/h2>\n<p>&#13;<\/p>\n<p><strong>Es importante se\u00f1alar que una de las aprehensiones m\u00e1s significativas es la de la droga conocida como <em>tusi<\/em> o coca\u00edna rosa, primera incautaci\u00f3n de esta sustancia por la polic\u00eda de Zaragoza. Se trata de\u00a0una nueva sustancia que ha calado hondo en los \u00faltimos a\u00f1os entre la poblaci\u00f3n joven de nuestra sociedad, seg\u00fan informan desde la Polic\u00eda.<\/strong> Es una droga sint\u00e9tica que causa efectos psicod\u00e9licos en la persona que devour y que puede alterar todos sus sentidos. Al tomar esta coca\u00edna rosa, <strong>su percepci\u00f3n de la realidad se transforma a trav\u00e9s del padecimiento de alucinaciones visuales y los pensamientos que se generan a consecuencia de ellas.<\/strong> Cuando los efectos de esta sustancia son muy acentuados, el adicto puede llegar a experimentar episodios de p\u00e1nico. Muy parecidos a los ataques de miedo que causa el consumo de LSD.<\/p>\n<p>&#13;<\/p>\n<p>A pesar de que reciba nombres como coca\u00edna rosada o polvo rosa, <strong>tiene pocas similitudes con la extensamente consumida y tremendamente widespread coca\u00edna. En un \u00fanico aspecto en el que se parecen estas dos sustancias es el aspecto. Ambas acostumbran a ser distribuidas en forma de polvo.<\/strong> Sin embargo, la primera contiene un potencial adictivo mucho m\u00e1s elevado. As\u00ed entonces, su nivel de peligrosidad es mucho mayor, llegando a equipararse a estupefacientes tales como las metanfetaminas, sustancia estupefaciente esta que tambi\u00e9n se ha aprehendido en la presente investigaci\u00f3n.<\/p>\n<p>&#13;<\/p>\n<p>Los detenidos, con n\u00fameros antecedentes, pasaron a disposici\u00f3n de la autoridad judicial, decretando el\u00a0juez\u00a0el ingreso en <strong>prisi\u00f3n para todos ellos.<\/strong><\/p>\n<p><span><br \/>\n\t\t<\/span><\/div>\n<p><script async defer src=\"https:\/\/connect.facebook.net\/es_ES\/sdk.js\"><\/script><br \/>\n<br \/><\/p>\n<p><em> &#8221; Fuentes www.elperiodicodearagon.com &#8221; <\/em><\/p>\n","protected":false},"excerpt":{"rendered":"<p>Agentes de la Jefatura Superior de Polic\u00eda de Arag\u00f3n\u00a0han detenido a\u00a0B.P.Z.; R.M.D.; G.C.G. y J.A.S.M. de entre 38 y 44 a\u00f1os de edad, como presuntos responsables de un delito de tr\u00e1fico de drogas y pertenencia a grupo legal. La investigaci\u00f3n, llevada a cabo por el grupo primero de Estupefacientes de la Brigada Regional de Polic\u00eda [&hellip;]<\/p>\n","protected":false},"author":4,"featured_media":84639,"comment_status":"open","ping_status":"closed","sticky":false,"template":"","format":"standard","meta":{"om_disable_all_campaigns":false,"jnews-multi-image_gallery":[],"jnews_single_post":[],"jnews_primary_category":[],"jnews_social_meta":[],"footnotes":""},"categories":[40],"tags":[6328],"class_list":["post-84638","post","type-post","status-publish","format-standard","has-post-thumbnail","hentry","category-industria","tag-aragon"],"_links":{"self":[{"href":"https:\/\/dimensionturistica.com\/es\/wp-json\/wp\/v2\/posts\/84638","targetHints":{"allow":["GET"]}}],"collection":[{"href":"https:\/\/dimensionturistica.com\/es\/wp-json\/wp\/v2\/posts"}],"about":[{"href":"https:\/\/dimensionturistica.com\/es\/wp-json\/wp\/v2\/types\/post"}],"author":[{"embeddable":true,"href":"https:\/\/dimensionturistica.com\/es\/wp-json\/wp\/v2\/users\/4"}],"replies":[{"embeddable":true,"href":"https:\/\/dimensionturistica.com\/es\/wp-json\/wp\/v2\/comments?post=84638"}],"version-history":[{"count":0,"href":"https:\/\/dimensionturistica.com\/es\/wp-json\/wp\/v2\/posts\/84638\/revisions"}],"wp:featuredmedia":[{"embeddable":true,"href":"https:\/\/dimensionturistica.com\/es\/wp-json\/wp\/v2\/media\/84639"}],"wp:attachment":[{"href":"https:\/\/dimensionturistica.com\/es\/wp-json\/wp\/v2\/media?parent=84638"}],"wp:term":[{"taxonomy":"category","embeddable":true,"href":"https:\/\/dimensionturistica.com\/es\/wp-json\/wp\/v2\/categories?post=84638"},{"taxonomy":"post_tag","embeddable":true,"href":"https:\/\/dimensionturistica.com\/es\/wp-json\/wp\/v2\/tags?post=84638"}],"curies":[{"name":"wp","href":"https:\/\/api.w.org\/{rel}","templated":true}]}}