{"id":845810,"date":"2024-08-22T19:24:22","date_gmt":"2024-08-22T19:24:22","guid":{"rendered":"https:\/\/dimensionturistica.com\/es\/?p=845810"},"modified":"2024-08-22T19:24:22","modified_gmt":"2024-08-22T19:24:22","slug":"confirman-la-modificacion-a-partir-del-1-de-septiembre","status":"publish","type":"post","link":"https:\/\/dimensionturistica.com\/es\/confirman-la-modificacion-a-partir-del-1-de-septiembre\/","title":{"rendered":"Confirman la Modificaci\u00f3n a Partir del 1 de Septiembre"},"content":{"rendered":"<p><strong>El Futuro del Viaje A\u00e9reo: Una Nueva Era para el Equipaje de Mano<\/strong><\/p>\n<p>En una industria constantemente evolucionando, el sector a\u00e9reo no se queda atr\u00e1s, adapt\u00e1ndose a las necesidades de seguridad, comodidad y eficiencia de los pasajeros. A partir del 1 de septiembre, nos adentramos en una fase nueva y prometedora para quienes viajan por aire, marcada por un cambio significativo en la pol\u00edtica de equipaje de mano en aviones. Este ajuste no solo responde a la b\u00fasqueda de optimizar la experiencia de vuelo, sino que tambi\u00e9n refleja un compromiso con la seguridad y la agilidad en el embarque.<\/p>\n<p>La novedad reside en la actualizaci\u00f3n de la normativa sobre lo que se puede llevar en cabina, una decisi\u00f3n impulsada por algunas de las aerol\u00edneas m\u00e1s influyentes en el panorama internacional. Este cambio tiene el potencial de modificar radicalmente la forma en que los viajeros preparan su equipaje y, consecuentemente, su experiencia aeroportuaria.<\/p>\n<p>Aunque este ajuste pueda percibirse como un desaf\u00edo inicial para los acostumbrados a maximizar el espacio de su equipaje de mano, en realidad abre la puerta a una serie de beneficios. Entre ellos, destacan una mayor agilidad en los procesos de seguridad y embarque, as\u00ed como una reducci\u00f3n en los retrasos causados por el manejo de equipaje en cabina, que a menudo resulta en una carrera contrarreloj para encontrar espacio en los compartimentos superiores.<\/p>\n<p>Adem\u00e1s, esta actualizaci\u00f3n invita a una reflexi\u00f3n m\u00e1s profunda sobre c\u00f3mo viajamos y qu\u00e9 llevamos con nosotros. Animar\u00e1 a los viajeros a empacar de manera m\u00e1s inteligente y ligera, favoreciendo aquellos art\u00edculos esenciales y dejando en casa lo que realmente no necesitamos. Esto no solo agiliza nuestra experiencia en el aeropuerto, sino que tambi\u00e9n contribuye a una mayor eficiencia de los vuelos, potencialmente resultando en un menor impacto ambiental a largo plazo.<\/p>\n<p>Para aquellos preocupados por c\u00f3mo esta regulaci\u00f3n podr\u00eda afectar sus h\u00e1bitos de viaje, vale la pena considerar las opciones ahora disponibles. Muchas aerol\u00edneas est\u00e1n ofreciendo alternativas m\u00e1s flexibles para el equipaje facturado, as\u00ed como servicios adicionales para garantizar que los art\u00edculos esenciales permanezcan accesibles. Al adaptarnos a estas normas, no solo estamos participando en una cultura de viaje m\u00e1s fluida y menos estresante, sino que tambi\u00e9n estamos contribuyendo a un ecosistema de viaje m\u00e1s sostenible y seguro para todos.<\/p>\n<p>A medida que nos embarcamos en esta nueva etapa, es fundamental mantenerse informado sobre las especificaciones de cada aerol\u00ednea y prepararse adecuadamente antes del vuelo. Al fin y al cabo, aunque el equipaje de mano tal como lo conoc\u00edamos est\u00e9 experimentando una transformaci\u00f3n, las oportunidades para viajar de manera m\u00e1s eficiente y consciente nunca han sido tan prometedoras.<\/p>\n<p>Mientras el mundo sigue avanzando y las industrias evolucionan, estos cambios en las pol\u00edticas de equipaje nos recuerdan la importancia de adaptarse y abrazar nuevas pr\u00e1cticas en pro de una experiencia de viaje mejor para todos. El futuro del viaje a\u00e9reo est\u00e1 aqu\u00ed, y con \u00e9l, una invitaci\u00f3n a explorar el mundo de manera m\u00e1s \u00e1gil y segura.<\/p>\n<p><em> &#8221; Sources okdiario.com &#8221; <\/em><\/p>\n<p><em> &#8221; Fuentes okdiario.com &#8221; <\/em><\/p>\n","protected":false},"excerpt":{"rendered":"<p>El Futuro del Viaje A\u00e9reo: Una Nueva Era para el Equipaje de Mano En una industria constantemente evolucionando, el sector a\u00e9reo no se queda atr\u00e1s, adapt\u00e1ndose a las necesidades de seguridad, comodidad y eficiencia de los pasajeros. A partir del 1 de septiembre, nos adentramos en una fase nueva y prometedora para quienes viajan por [&hellip;]<\/p>\n","protected":false},"author":4,"featured_media":845811,"comment_status":"open","ping_status":"closed","sticky":false,"template":"","format":"standard","meta":{"om_disable_all_campaigns":false,"jnews-multi-image_gallery":[],"jnews_single_post":[],"jnews_primary_category":[],"jnews_social_meta":[],"footnotes":""},"categories":[39],"tags":[6189,5606],"class_list":["post-845810","post","type-post","status-publish","format-standard","has-post-thumbnail","hentry","category-viajes","tag-cambio","tag-septiembre"],"_links":{"self":[{"href":"https:\/\/dimensionturistica.com\/es\/wp-json\/wp\/v2\/posts\/845810","targetHints":{"allow":["GET"]}}],"collection":[{"href":"https:\/\/dimensionturistica.com\/es\/wp-json\/wp\/v2\/posts"}],"about":[{"href":"https:\/\/dimensionturistica.com\/es\/wp-json\/wp\/v2\/types\/post"}],"author":[{"embeddable":true,"href":"https:\/\/dimensionturistica.com\/es\/wp-json\/wp\/v2\/users\/4"}],"replies":[{"embeddable":true,"href":"https:\/\/dimensionturistica.com\/es\/wp-json\/wp\/v2\/comments?post=845810"}],"version-history":[{"count":0,"href":"https:\/\/dimensionturistica.com\/es\/wp-json\/wp\/v2\/posts\/845810\/revisions"}],"wp:featuredmedia":[{"embeddable":true,"href":"https:\/\/dimensionturistica.com\/es\/wp-json\/wp\/v2\/media\/845811"}],"wp:attachment":[{"href":"https:\/\/dimensionturistica.com\/es\/wp-json\/wp\/v2\/media?parent=845810"}],"wp:term":[{"taxonomy":"category","embeddable":true,"href":"https:\/\/dimensionturistica.com\/es\/wp-json\/wp\/v2\/categories?post=845810"},{"taxonomy":"post_tag","embeddable":true,"href":"https:\/\/dimensionturistica.com\/es\/wp-json\/wp\/v2\/tags?post=845810"}],"curies":[{"name":"wp","href":"https:\/\/api.w.org\/{rel}","templated":true}]}}