{"id":84464,"date":"2021-02-20T20:47:09","date_gmt":"2021-02-20T20:47:09","guid":{"rendered":"https:\/\/dimensionturistica.com\/es\/?p=84464"},"modified":"2021-02-20T20:47:09","modified_gmt":"2021-02-20T20:47:09","slug":"buque-escuela-esmeralda-volvio-a-recalar-a-puerto-montt-tras-casi-cuatro-decadas","status":"publish","type":"post","link":"https:\/\/dimensionturistica.com\/es\/buque-escuela-esmeralda-volvio-a-recalar-a-puerto-montt-tras-casi-cuatro-decadas\/","title":{"rendered":"Buque Escuela Esmeralda volvi\u00f3 a recalar a Puerto Montt tras casi cuatro d\u00e9cadas"},"content":{"rendered":"<p> <br \/>\n<\/p>\n<div>\n<p>1984 es el registro de la \u00faltima visita de la Dama Blanca a la capital regional de Los Lagos.<span id=\"more-83943\"\/><\/p>\n<p style=\"text-align: justify;\">Puerto Montt.- El viernes 19 de febrero al mediod\u00eda, y tras 37 a\u00f1os de su \u00faltima visita, el Buque Escuela \u201cEsmeralda\u201d recal\u00f3 a Puerto Montt escoltada por los Patrulleros \u201cMicalvi\u201d y \u201cVidela\u201d de la Quinta Zona Naval, esto como parte del itinerario oficial del LXVI Crucero de Instrucci\u00f3n, que debido a la pandemia se lleva a cabo en aguas y puertos nacionales.<br \/>Respecto a la recalada operativa, en la cual no descender\u00e1 la dotaci\u00f3n ni se recibir\u00e1n visitas por protocolos ante la pandemia, el Comandante de la Unidad Capit\u00e1n de Nav\u00edo Oscar Manzano precis\u00f3 que \u201cla entrada fue a vela y fondeamos muy cerca de la costanera para que la gente que no conoce a la Esmeralda la pueda ver en la Bah\u00eda\u201d.<br \/>Ante esta pandemia, la primera restricci\u00f3n fue adecuar el itinerario a aguas nacionales, y como explic\u00f3 el Comandante Manzano \u201cen consideraci\u00f3n que no podemos bajar a los puertos, hicimos cuarentena preventiva, PCR preventivos para verificar que nadie de la dotaci\u00f3n estuviera contagiado. Por eso no podemos bajarnos en los puertos, ni recibir visitas a bordo\u201d.<br \/>\u201cNos encontraremos en Puerto Montt hasta el domingo 21, y a eso de las 19.00 horas iniciaremos nuestro desplazamiento con rumbo hacia el sur. Nuestra intenci\u00f3n es navegar hasta el Cabo de Hornos pasando por la ciudad de Punta Arenas\u201d, detall\u00f3 el oficial.<br \/>La dotaci\u00f3n de la \u201cDama Blanca\u201d est\u00e1 compuesta por un complete de 280 integrantes, el principal grupo son 93 Guardiamarinas quienes recientemente se graduaron, y 41 Marineros en instrucci\u00f3n, los cuales en este Crucero de Instrucci\u00f3n lograr\u00e1n aprender sobre las condiciones mar\u00edtimas de Chile y los desaf\u00edos que implican las navegaciones en aguas territoriales nacionales.<br \/>Finalmente, el Comandante de la Unidad destac\u00f3 que \u201cla dotaci\u00f3n est\u00e1 muy contenta de llegar y navegar la geograf\u00eda de esta linda zona, es un crucero especial, pero estamos formando marinos que tras culminar esta instrucci\u00f3n ser\u00e1n m\u00e1s expertos\u201d.<br \/>Cabe se\u00f1alar que la traves\u00eda tendr\u00e1 una duraci\u00f3n de 118 d\u00edas considerando el cruce por el Cabo de Hornos y recaladas operativas en las zonas insulares de Robinson Crusoe, Rapa Nui y puertos como Iquique, Coquimbo, Puerto Montt, entre otros.<\/p>\n<\/p><\/div>\n\n<p><em> &#8221; Fuentes www.rln.cl &#8221; <\/em><\/p>\n","protected":false},"excerpt":{"rendered":"<p>1984 es el registro de la \u00faltima visita de la Dama Blanca a la capital regional de Los Lagos. Puerto Montt.- El viernes 19 de febrero al mediod\u00eda, y tras 37 a\u00f1os de su \u00faltima visita, el Buque Escuela \u201cEsmeralda\u201d recal\u00f3 a Puerto Montt escoltada por los Patrulleros \u201cMicalvi\u201d y \u201cVidela\u201d de la Quinta Zona [&hellip;]<\/p>\n","protected":false},"author":4,"featured_media":84465,"comment_status":"open","ping_status":"closed","sticky":false,"template":"","format":"standard","meta":{"om_disable_all_campaigns":false,"jnews-multi-image_gallery":[],"jnews_single_post":[],"jnews_primary_category":[],"jnews_social_meta":[],"footnotes":""},"categories":[41],"tags":[],"class_list":["post-84464","post","type-post","status-publish","format-standard","has-post-thumbnail","hentry","category-cruceros"],"_links":{"self":[{"href":"https:\/\/dimensionturistica.com\/es\/wp-json\/wp\/v2\/posts\/84464","targetHints":{"allow":["GET"]}}],"collection":[{"href":"https:\/\/dimensionturistica.com\/es\/wp-json\/wp\/v2\/posts"}],"about":[{"href":"https:\/\/dimensionturistica.com\/es\/wp-json\/wp\/v2\/types\/post"}],"author":[{"embeddable":true,"href":"https:\/\/dimensionturistica.com\/es\/wp-json\/wp\/v2\/users\/4"}],"replies":[{"embeddable":true,"href":"https:\/\/dimensionturistica.com\/es\/wp-json\/wp\/v2\/comments?post=84464"}],"version-history":[{"count":0,"href":"https:\/\/dimensionturistica.com\/es\/wp-json\/wp\/v2\/posts\/84464\/revisions"}],"wp:featuredmedia":[{"embeddable":true,"href":"https:\/\/dimensionturistica.com\/es\/wp-json\/wp\/v2\/media\/84465"}],"wp:attachment":[{"href":"https:\/\/dimensionturistica.com\/es\/wp-json\/wp\/v2\/media?parent=84464"}],"wp:term":[{"taxonomy":"category","embeddable":true,"href":"https:\/\/dimensionturistica.com\/es\/wp-json\/wp\/v2\/categories?post=84464"},{"taxonomy":"post_tag","embeddable":true,"href":"https:\/\/dimensionturistica.com\/es\/wp-json\/wp\/v2\/tags?post=84464"}],"curies":[{"name":"wp","href":"https:\/\/api.w.org\/{rel}","templated":true}]}}