{"id":84393,"date":"2021-02-20T15:54:22","date_gmt":"2021-02-20T15:54:22","guid":{"rendered":"https:\/\/dimensionturistica.com\/es\/?p=84393"},"modified":"2021-02-20T15:54:23","modified_gmt":"2021-02-20T15:54:23","slug":"se-extendera-cierre-fronterizo-el-diario","status":"publish","type":"post","link":"https:\/\/dimensionturistica.com\/es\/se-extendera-cierre-fronterizo-el-diario\/","title":{"rendered":"Se extender\u00e1 cierre fronterizo | El Diario"},"content":{"rendered":"<p> <br \/>\n<\/p>\n<div id=\"nota_firmas_fecha\">\n<p>H\u00e9rika Mart\u00ednez Prado \/ El Diario<\/p>\n<p>                    <small>s\u00e1bado, 20 febrero 2021 | 06:00 <\/small>\n                <\/div>\n<div id=\"cuerpo_nota\">\n<p>Estados Unidos continuar\u00e1 con las restricciones de cruces terrestres en su frontera con M\u00e9xico y Canad\u00e1 hasta el 21 de marzo pr\u00f3ximo, cuando se cumpla un a\u00f1o de que cerr\u00f3 la entrada a su pa\u00eds a visitantes con visa de turistas.<\/p>\n<p>\u201cTras revisar el desarrollo de la propagaci\u00f3n de Covid-19 y debido a que diversas entidades federativas se encuentran en color naranja del sem\u00e1foro epidemiol\u00f3gico, M\u00e9xico plante\u00f3 a Estados Unidos la extensi\u00f3n, por un mes m\u00e1s, de las restricciones al tr\u00e1nsito terrestre no esencial en su frontera com\u00fan\u201d, inform\u00f3 ayer por la tarde la Secretar\u00eda de Relaciones Exteriores (SRE) v\u00eda Twitter.\u00a0<\/p>\n<p>El mensaje de la Canciller\u00eda mexicana agrega que \u201clas restricciones se mantendr\u00e1n en los mismos t\u00e9rminos en que se han desarrollado desde su implementaci\u00f3n, el 21 de marzo de 2020. Ambos pa\u00edses coordinar\u00e1n las medidas sanitarias en la regi\u00f3n fronteriza que estar\u00e1n vigentes hasta las 23:59 horas del 21 de marzo de 2021\u201d.<\/p>\n<p>Desde que comenz\u00f3 la medida para evitar la propagaci\u00f3n de Covid-19, Estados Unidos s\u00f3lo permite ingresar a su pa\u00eds a ciudadanos americanos y residentes permanentes.<\/p>\n<p>Adem\u00e1s tienen permitido el cruce por los puentes internacionales las personas que viajen para recibir alg\u00fan tratamiento m\u00e9dico o para asistir a escuelas o instituciones acad\u00e9micas.<\/p>\n<p>Tambi\u00e9n continuar\u00e1n con acceso quienes vayan a trabajar \u201cpor ejemplo, personas que trabajen en agricultura o ganader\u00eda y que deban viajar entre M\u00e9xico y Estados Unidos por el tipo de trabajo\u201d. As\u00ed como personas que viajen en respuesta a una emergencia o de salud p\u00fablica, como funcionarios p\u00fablicos o personas de respuesta inmediata para dar apoyo a cualquier esfuerzo del Gobierno americano en atender el coronavirus y otras emergencias.<\/p>\n<p>Podr\u00e1n ingresar adem\u00e1s las personas que tengan que ver con el cruce de comercio internacional authorized, como choferes de carga; personas relacionadas con viajes por temas de Gobierno o viajes diplom\u00e1ticos; miembros de las Fuerzas Armadas y sus parejas e hijos que vayan de retorno a su pa\u00eds y quienes tengan viajes relacionados a servicio militar y sus operaciones.<\/p>\n<p>Lo que no se considera como \u201cviajes esenciales\u201d son los cruces de personas que busquen recreaci\u00f3n como juegos o para asistir a eventos culturales o en plan de turismo.<\/p>\n<\/p><\/div>\n\n<p><em> &#8221; Fuentes diario.mx &#8221; <\/em><\/p>\n","protected":false},"excerpt":{"rendered":"<p>H\u00e9rika Mart\u00ednez Prado \/ El Diario s\u00e1bado, 20 febrero 2021 | 06:00 Estados Unidos continuar\u00e1 con las restricciones de cruces terrestres en su frontera con M\u00e9xico y Canad\u00e1 hasta el 21 de marzo pr\u00f3ximo, cuando se cumpla un a\u00f1o de que cerr\u00f3 la entrada a su pa\u00eds a visitantes con visa de turistas. \u201cTras revisar [&hellip;]<\/p>\n","protected":false},"author":4,"featured_media":84394,"comment_status":"open","ping_status":"closed","sticky":false,"template":"","format":"standard","meta":{"om_disable_all_campaigns":false,"jnews-multi-image_gallery":[],"jnews_single_post":[],"jnews_primary_category":[],"jnews_social_meta":[],"footnotes":""},"categories":[39],"tags":[1678],"class_list":["post-84393","post","type-post","status-publish","format-standard","has-post-thumbnail","hentry","category-viajes","tag-el-paso"],"_links":{"self":[{"href":"https:\/\/dimensionturistica.com\/es\/wp-json\/wp\/v2\/posts\/84393","targetHints":{"allow":["GET"]}}],"collection":[{"href":"https:\/\/dimensionturistica.com\/es\/wp-json\/wp\/v2\/posts"}],"about":[{"href":"https:\/\/dimensionturistica.com\/es\/wp-json\/wp\/v2\/types\/post"}],"author":[{"embeddable":true,"href":"https:\/\/dimensionturistica.com\/es\/wp-json\/wp\/v2\/users\/4"}],"replies":[{"embeddable":true,"href":"https:\/\/dimensionturistica.com\/es\/wp-json\/wp\/v2\/comments?post=84393"}],"version-history":[{"count":0,"href":"https:\/\/dimensionturistica.com\/es\/wp-json\/wp\/v2\/posts\/84393\/revisions"}],"wp:featuredmedia":[{"embeddable":true,"href":"https:\/\/dimensionturistica.com\/es\/wp-json\/wp\/v2\/media\/84394"}],"wp:attachment":[{"href":"https:\/\/dimensionturistica.com\/es\/wp-json\/wp\/v2\/media?parent=84393"}],"wp:term":[{"taxonomy":"category","embeddable":true,"href":"https:\/\/dimensionturistica.com\/es\/wp-json\/wp\/v2\/categories?post=84393"},{"taxonomy":"post_tag","embeddable":true,"href":"https:\/\/dimensionturistica.com\/es\/wp-json\/wp\/v2\/tags?post=84393"}],"curies":[{"name":"wp","href":"https:\/\/api.w.org\/{rel}","templated":true}]}}