{"id":84343,"date":"2021-02-20T10:29:48","date_gmt":"2021-02-20T10:29:48","guid":{"rendered":"https:\/\/dimensionturistica.com\/es\/?p=84343"},"modified":"2021-02-20T10:29:48","modified_gmt":"2021-02-20T10:29:48","slug":"buque-escuela-esmeralda-recalo-en-puerto-montt","status":"publish","type":"post","link":"https:\/\/dimensionturistica.com\/es\/buque-escuela-esmeralda-recalo-en-puerto-montt\/","title":{"rendered":"Buque Escuela \u201cEsmeralda\u201d recal\u00f3 en Puerto Montt"},"content":{"rendered":"<p> <br \/>\n<\/p>\n<div>\n<blockquote>\n<p><strong><em>1984 es el registro de la \u00faltima visita del Buque Escuela\u00a0 a Puerto Montt<\/em> <\/strong><\/p>\n<\/blockquote><\/div>\n<div>\n<p>Ayer viernes 19\u00a0 de febrero a mediod\u00eda, tras 37 a\u00f1os, el Buque Escuela &#8220;Esmeralda&#8221; recal\u00f3 a \u00a0Puerto Montt escoltada por los Patrulleros \u201cMicalvi\u201d y \u201cVidela\u201d de la Quinta Zona Naval, \u00a0esto como parte del itinerario oficial del \u00a0LXVI Crucero de Instrucci\u00f3n, que \u00a0debido a la pandemia\u00a0 se \u00a0lleva a cabo en aguas \u00a0y puertos \u00a0nacionales.<\/p>\n<p>Respecto a la recalada operativa que no se registraba desde 1984 y \u00a0donde no desciende la dotaci\u00f3n, \u00a0ni\u00a0 recibe visitas por protocolos ante la pandemia, el Comandante de la Unidad Capit\u00e1n de Nav\u00edo Oscar Manzano precis\u00f3 que \u201cla entrada fue a vela y fondeamos muy cerca de la costanera para que la gente que no conoce a la Esmeralda la pueda ver en la Bah\u00eda\u201d.<\/p>\n<p>Ante esta pandemia la primera restricci\u00f3n fue adecuar el itinerario a aguas nacionales, y como explic\u00f3 el Oficial de la Armada de Chile \u201cen consideraci\u00f3n que no podemos bajar a los puertos, hicimos\u00a0 cuarentena preventiva, PCR preventivos para verificar que nadie de la dotaci\u00f3n estuviera contagiado. Por eso no podemos bajarnos en los puertos, ni recibir visitas a bordo\u201d.<\/p>\n<p>\u201cNos encontraremos hasta el domingo 21, y a eso de las 19.00 horas iniciaremos nuestro desplazamiento\u00a0 hacia el sur de Chile.\u00a0 Nuestra intenci\u00f3n es navegar hasta el Cabo de Hornos pasando por la Ciudad de Punta Arenas\u201d, detall\u00f3 el Comandante.<\/p>\n<p>Tambi\u00e9n record\u00f3 que la dotaci\u00f3n est\u00e1\u00a0 compuesta por un complete de 280 personas, \u00a0el principal grupo son\u00a0 93 \u00a0Guardiamarinas quienes recientemente se graduaron, \u00a0y 41 Marineros en instrucci\u00f3n, para los cuales se pretende que se interioricen en las condiciones mar\u00edtimas de Chile y los desaf\u00edos que implican las aguas territoriales nacionales.<\/p>\n<p>Finalmente destac\u00f3 que \u201cla dotaci\u00f3n est\u00e1 muy contenta de llegar y navegar la geograf\u00eda de esta linda zona, es un crucero especial, pero estamos formando a los marinos que tras culminar esta instrucci\u00f3n ser\u00e1n m\u00e1s expertos\u201d.<\/p>\n<p>\u00a0<\/p>\n<p>\u00a0<\/p>\n<p>\u00a0<\/p>\n<p>\u00a0<\/p>\n<p>\u00a0<\/p>\n<\/p><\/div>\n<p><script>(function(d, s, id) {\n  var js, fjs = d.getElementsByTagName(s)[0];\n  if (d.getElementById(id)) return;\n  js = d.createElement(s); js.id = id;\n  js.src=\"https:\/\/connect.facebook.net\/es_ES\/sdk.js#xfbml=1&version=v2.10&appId=1611606275821743\";\n  fjs.parentNode.insertBefore(js, fjs);\n}(document, 'script', 'facebook-jssdk'));<\/script><br \/>\n<br \/><\/p>\n<p><em> &#8221; Fuentes www.eha.cl &#8221; <\/em><\/p>\n","protected":false},"excerpt":{"rendered":"<p>1984 es el registro de la \u00faltima visita del Buque Escuela\u00a0 a Puerto Montt Ayer viernes 19\u00a0 de febrero a mediod\u00eda, tras 37 a\u00f1os, el Buque Escuela &#8220;Esmeralda&#8221; recal\u00f3 a \u00a0Puerto Montt escoltada por los Patrulleros \u201cMicalvi\u201d y \u201cVidela\u201d de la Quinta Zona Naval, \u00a0esto como parte del itinerario oficial del \u00a0LXVI Crucero de Instrucci\u00f3n, [&hellip;]<\/p>\n","protected":false},"author":4,"featured_media":84344,"comment_status":"open","ping_status":"closed","sticky":false,"template":"","format":"standard","meta":{"om_disable_all_campaigns":false,"jnews-multi-image_gallery":[],"jnews_single_post":[],"jnews_primary_category":[],"jnews_social_meta":[],"footnotes":""},"categories":[41],"tags":[],"class_list":["post-84343","post","type-post","status-publish","format-standard","has-post-thumbnail","hentry","category-cruceros"],"_links":{"self":[{"href":"https:\/\/dimensionturistica.com\/es\/wp-json\/wp\/v2\/posts\/84343","targetHints":{"allow":["GET"]}}],"collection":[{"href":"https:\/\/dimensionturistica.com\/es\/wp-json\/wp\/v2\/posts"}],"about":[{"href":"https:\/\/dimensionturistica.com\/es\/wp-json\/wp\/v2\/types\/post"}],"author":[{"embeddable":true,"href":"https:\/\/dimensionturistica.com\/es\/wp-json\/wp\/v2\/users\/4"}],"replies":[{"embeddable":true,"href":"https:\/\/dimensionturistica.com\/es\/wp-json\/wp\/v2\/comments?post=84343"}],"version-history":[{"count":0,"href":"https:\/\/dimensionturistica.com\/es\/wp-json\/wp\/v2\/posts\/84343\/revisions"}],"wp:featuredmedia":[{"embeddable":true,"href":"https:\/\/dimensionturistica.com\/es\/wp-json\/wp\/v2\/media\/84344"}],"wp:attachment":[{"href":"https:\/\/dimensionturistica.com\/es\/wp-json\/wp\/v2\/media?parent=84343"}],"wp:term":[{"taxonomy":"category","embeddable":true,"href":"https:\/\/dimensionturistica.com\/es\/wp-json\/wp\/v2\/categories?post=84343"},{"taxonomy":"post_tag","embeddable":true,"href":"https:\/\/dimensionturistica.com\/es\/wp-json\/wp\/v2\/tags?post=84343"}],"curies":[{"name":"wp","href":"https:\/\/api.w.org\/{rel}","templated":true}]}}