{"id":843363,"date":"2024-08-17T00:14:51","date_gmt":"2024-08-17T00:14:51","guid":{"rendered":"https:\/\/dimensionturistica.com\/es\/?p=843363"},"modified":"2024-08-17T00:14:51","modified_gmt":"2024-08-17T00:14:51","slug":"el-regimen-propone-la-regulacion-de-las-plataformas-digitales","status":"publish","type":"post","link":"https:\/\/dimensionturistica.com\/es\/el-regimen-propone-la-regulacion-de-las-plataformas-digitales\/","title":{"rendered":"El R\u00e9gimen Propone la Regulaci\u00f3n de las Plataformas Digitales"},"content":{"rendered":"<p><strong>La Regulaci\u00f3n de las Aplicaciones de Viaje: Un Debate en Santa Fe<\/strong><\/p>\n<p>En la pintoresca ciudad de Santa Fe, el debate acerca de la nueva era digital y c\u00f3mo esta impacta en la industria del turismo est\u00e1 m\u00e1s vivo que nunca. El foco de la discusi\u00f3n actual gira en torno a la regulaci\u00f3n de las aplicaciones de viajes, un tema que ha adquirido mayor relevancia a medida que estas plataformas ganan popularidad entre los viajeros de todo el mundo. \u00bfC\u00f3mo afecta esto a los turistas que escogen Santa Fe como su pr\u00f3ximo destino? Y m\u00e1s importante, \u00bfqu\u00e9 significa esto para la industria tur\u00edstica local?<\/p>\n<p>Santa Fe, conocido por sus enriquecedores entornos culturales, su exquisita gastronom\u00eda local y sus paradis\u00edacos espacios naturales, ha sido durante mucho tiempo un destino preferido por viajeros internacionales y nacionales por igual. Sin embargo, con el auge de las aplicaciones de viajes, el escenario tur\u00edstico est\u00e1 experimentando cambios significativos. Estas plataformas no solo ofrecen a los viajeros una amplia gama de opciones para sus alojamientos y recorridos, sino que tambi\u00e9n prometen una experiencia m\u00e1s aut\u00e9ntica y personalizada, conectando a los visitantes con los aspectos \u00fanicos de la vida local.<\/p>\n<p>Aunque las ventajas de estas aplicaciones son evidentes para los turistas, surgen interrogantes sobre su impacto en la econom\u00eda local y en los negocios tradicionales del rubro. En Santa Fe, las autoridades han comenzado a prestar especial atenci\u00f3n a este fen\u00f3meno, argumentando la necesidad de establecer regulaciones que aseguren un terreno de juego equitativo para todos los involucrados en la industria tur\u00edstica.<\/p>\n<p>La propuesta de regulaci\u00f3n se enfoca principalmente en garantizar la calidad y seguridad de los servicios ofrecidos a trav\u00e9s de estas aplicaciones. Al establecer normas claras, se busca no solo proteger a los viajeros, sino tambi\u00e9n resguardar los intereses de los prestadores de servicios locales, desde hoteles y hostales hasta gu\u00edas tur\u00edsticos y restaurantes, que han sido la columna vertebral del sector tur\u00edstico en la regi\u00f3n.<\/p>\n<p>Esta iniciativa tambi\u00e9n se perfila como una oportunidad para que las plataformas de viajes y los negocios locales trabajen de la mano, potenciando as\u00ed la oferta tur\u00edstica de Santa Fe. Mediante la colaboraci\u00f3n y el di\u00e1logo, se pueden desarrollar estrategias que beneficien tanto a la econom\u00eda local como a los viajeros, asegurando experiencias de calidad y fortaleciendo el tejido social y econ\u00f3mico de la regi\u00f3n.<\/p>\n<p>En conclusi\u00f3n, el debate sobre la regulaci\u00f3n de las aplicaciones de viajes en Santa Fe es un reflejo de una tendencia global hacia la adaptaci\u00f3n y modernizaci\u00f3n de la industria tur\u00edstica. Si bien los desaf\u00edos son evidentes, tambi\u00e9n lo son las oportunidades de crecimiento y mejora. Como destinos tur\u00edsticos y comunidades globales, tenemos ante nosotros la tarea de equilibrar innovaci\u00f3n y tradici\u00f3n, garantizando que el avance tecnol\u00f3gico marche de la mano con el respeto por las pr\u00e1cticas locales y la sostenibilidad a largo plazo. La ciudad de Santa Fe, con su rica historia y su vibrante cultura, est\u00e1 en el camino correcto para definir un futuro tur\u00edstico que sea inclusivo, justo y pr\u00f3spero para todos.<\/p>\n<p><em> &#8221; Sources www.airedesantafe.com.ar &#8221; <\/em><\/p>\n<p><em> &#8221; Fuentes www.airedesantafe.com.ar &#8221; <\/em><\/p>\n","protected":false},"excerpt":{"rendered":"<p>La Regulaci\u00f3n de las Aplicaciones de Viaje: Un Debate en Santa Fe En la pintoresca ciudad de Santa Fe, el debate acerca de la nueva era digital y c\u00f3mo esta impacta en la industria del turismo est\u00e1 m\u00e1s vivo que nunca. El foco de la discusi\u00f3n actual gira en torno a la regulaci\u00f3n de las [&hellip;]<\/p>\n","protected":false},"author":4,"featured_media":843364,"comment_status":"open","ping_status":"closed","sticky":false,"template":"","format":"standard","meta":{"om_disable_all_campaigns":false,"jnews-multi-image_gallery":[],"jnews_single_post":[],"jnews_primary_category":[],"jnews_social_meta":[],"footnotes":""},"categories":[39],"tags":[5304,546,41082,725],"class_list":["post-843363","post","type-post","status-publish","format-standard","has-post-thumbnail","hentry","category-viajes","tag-plataformas-digitales","tag-politica","tag-regulacion","tag-tecnologia"],"_links":{"self":[{"href":"https:\/\/dimensionturistica.com\/es\/wp-json\/wp\/v2\/posts\/843363","targetHints":{"allow":["GET"]}}],"collection":[{"href":"https:\/\/dimensionturistica.com\/es\/wp-json\/wp\/v2\/posts"}],"about":[{"href":"https:\/\/dimensionturistica.com\/es\/wp-json\/wp\/v2\/types\/post"}],"author":[{"embeddable":true,"href":"https:\/\/dimensionturistica.com\/es\/wp-json\/wp\/v2\/users\/4"}],"replies":[{"embeddable":true,"href":"https:\/\/dimensionturistica.com\/es\/wp-json\/wp\/v2\/comments?post=843363"}],"version-history":[{"count":0,"href":"https:\/\/dimensionturistica.com\/es\/wp-json\/wp\/v2\/posts\/843363\/revisions"}],"wp:featuredmedia":[{"embeddable":true,"href":"https:\/\/dimensionturistica.com\/es\/wp-json\/wp\/v2\/media\/843364"}],"wp:attachment":[{"href":"https:\/\/dimensionturistica.com\/es\/wp-json\/wp\/v2\/media?parent=843363"}],"wp:term":[{"taxonomy":"category","embeddable":true,"href":"https:\/\/dimensionturistica.com\/es\/wp-json\/wp\/v2\/categories?post=843363"},{"taxonomy":"post_tag","embeddable":true,"href":"https:\/\/dimensionturistica.com\/es\/wp-json\/wp\/v2\/tags?post=843363"}],"curies":[{"name":"wp","href":"https:\/\/api.w.org\/{rel}","templated":true}]}}