{"id":843251,"date":"2024-08-16T19:12:14","date_gmt":"2024-08-16T19:12:14","guid":{"rendered":"https:\/\/dimensionturistica.com\/es\/?p=843251"},"modified":"2024-08-16T19:12:14","modified_gmt":"2024-08-16T19:12:14","slug":"el-peligro-que-amenaza-la-persistencia-de-ciertos-destinos","status":"publish","type":"post","link":"https:\/\/dimensionturistica.com\/es\/el-peligro-que-amenaza-la-persistencia-de-ciertos-destinos\/","title":{"rendered":"El peligro que amenaza la persistencia de ciertos destinos"},"content":{"rendered":"<h3>La Ruta del Viajero Senior: \u00bfQu\u00e9 futuro aguarda?<\/h3>\n<p>En el mundo del turismo, ciertos destinos se han convertido en \u00edconos para el viajero senior, lugares que, a trav\u00e9s de los a\u00f1os, han tejido una relaci\u00f3n casi simbi\u00f3tica con aquellos que han entrado en la dorada edad de la jubilaci\u00f3n. Sin embargo, el panorama para estos viajes emblem\u00e1ticos, especialmente aquellos patrocinados por programas gubernamentales como el conocido en Espa\u00f1a, enfrenta actualmente un horizonte de incertidumbres.<\/p>\n<p>El programa, dise\u00f1ado para fomentar el turismo interno entre la poblaci\u00f3n de mayores, ofrece paquetes vacacionales a precios accesibles, abarcando desde estancias en costas soleadas hasta escapadas culturales en ciudades llenas de historia. M\u00e1s all\u00e1 de su relevancia econ\u00f3mica para las regiones que acogen a estos turistas, estos viajes representan una ventana al mundo, una oportunidad de socializaci\u00f3n y disfrute invaluable para muchos.<\/p>\n<p>Sin embargo, rumores recientes sugieren que la continuidad de algunos de estos destinos dentro del programa est\u00e1 en juego. Preocupaciones sobre la sostenibilidad y rentabilidad econ\u00f3mica de ciertos paquetes amenazan con desplazar a destinos que han sido pilares dentro de esta iniciativa. Esto no solo implicar\u00eda una modificaci\u00f3n en la oferta disponible para los viajeros, sino tambi\u00e9n un impacto significativo en las econom\u00edas locales que se han beneficiado durante a\u00f1os de la afluencia constante de visitantes.<\/p>\n<p>La posible reestructuraci\u00f3n de estos viajes subraya una interrogante mayor acerca de c\u00f3mo podemos equilibrar el valor social de tales programas con la necesidad de una gesti\u00f3n econ\u00f3mica sostenible. \u00bfEs posible reimaginar estos destinos para mantenerlos dentro del programa, adapt\u00e1ndose a nuevas realidades sin perder su esencia? \u00bfQu\u00e9 rol desempe\u00f1ar\u00e1n las comunidades locales y el sector tur\u00edstico en imaginar este futuro?<\/p>\n<p>Esta situaci\u00f3n invita a una reflexi\u00f3n m\u00e1s amplia sobre el papel del turismo senior en nuestra sociedad. M\u00e1s all\u00e1 del aspecto econ\u00f3mico, estos viajes son un reconocimiento de la vitalidad y el deseo de exploraci\u00f3n que no se apaga con la edad. Son, en muchos sentidos, un tributo a la curiosidad y las ganas de vivir que deben ser celebradas y protegidas.<\/p>\n<p>Mientras se define el futuro de estos paquetes de viaje, es esencial abrir el di\u00e1logo entre todas las partes involucradas: desde los organizadores de los viajes y las autoridades gubernamentales hasta los propios viajeros y las comunidades que los acogen. Juntos, pueden buscar soluciones innovadoras que permitan que estos destinos contin\u00faen siendo parte del itinerario del viajero senior, garantizando as\u00ed que las futuras generaciones puedan tambi\u00e9n disfrutar y beneficiarse de estas experiencias \u00fanicas.<\/p>\n<p>En un mundo que envejece, estos programas no son solo vacaciones; son una afirmaci\u00f3n de la importancia de cada etapa de la vida y del derecho al disfrute, al descubrimiento y a la aventura, sin importar la edad. La esperanza est\u00e1 puesta en encontrar el equilibrio adecuado que asegure la supervivencia de estos destinos dentro del programa y, por ende, contribuya al bienestar de los mayores y al desarrollo de las regiones que los han acogido con los brazos abiertos durante a\u00f1os.<\/p>\n<p><em> &#8221; Sources www.preferente.com &#8221; <\/em><\/p>\n<p><em> &#8221; Fuentes www.preferente.com &#8221; <\/em><\/p>\n","protected":false},"excerpt":{"rendered":"<p>La Ruta del Viajero Senior: \u00bfQu\u00e9 futuro aguarda? En el mundo del turismo, ciertos destinos se han convertido en \u00edconos para el viajero senior, lugares que, a trav\u00e9s de los a\u00f1os, han tejido una relaci\u00f3n casi simbi\u00f3tica con aquellos que han entrado en la dorada edad de la jubilaci\u00f3n. Sin embargo, el panorama para estos [&hellip;]<\/p>\n","protected":false},"author":4,"featured_media":843252,"comment_status":"open","ping_status":"closed","sticky":false,"template":"","format":"standard","meta":{"om_disable_all_campaigns":false,"jnews-multi-image_gallery":[],"jnews_single_post":[],"jnews_primary_category":[],"jnews_social_meta":[],"footnotes":""},"categories":[39],"tags":[15077,1228,1288],"class_list":["post-843251","post","type-post","status-publish","format-standard","has-post-thumbnail","hentry","category-viajes","tag-continuidad","tag-destinos","tag-riesgo"],"_links":{"self":[{"href":"https:\/\/dimensionturistica.com\/es\/wp-json\/wp\/v2\/posts\/843251","targetHints":{"allow":["GET"]}}],"collection":[{"href":"https:\/\/dimensionturistica.com\/es\/wp-json\/wp\/v2\/posts"}],"about":[{"href":"https:\/\/dimensionturistica.com\/es\/wp-json\/wp\/v2\/types\/post"}],"author":[{"embeddable":true,"href":"https:\/\/dimensionturistica.com\/es\/wp-json\/wp\/v2\/users\/4"}],"replies":[{"embeddable":true,"href":"https:\/\/dimensionturistica.com\/es\/wp-json\/wp\/v2\/comments?post=843251"}],"version-history":[{"count":0,"href":"https:\/\/dimensionturistica.com\/es\/wp-json\/wp\/v2\/posts\/843251\/revisions"}],"wp:featuredmedia":[{"embeddable":true,"href":"https:\/\/dimensionturistica.com\/es\/wp-json\/wp\/v2\/media\/843252"}],"wp:attachment":[{"href":"https:\/\/dimensionturistica.com\/es\/wp-json\/wp\/v2\/media?parent=843251"}],"wp:term":[{"taxonomy":"category","embeddable":true,"href":"https:\/\/dimensionturistica.com\/es\/wp-json\/wp\/v2\/categories?post=843251"},{"taxonomy":"post_tag","embeddable":true,"href":"https:\/\/dimensionturistica.com\/es\/wp-json\/wp\/v2\/tags?post=843251"}],"curies":[{"name":"wp","href":"https:\/\/api.w.org\/{rel}","templated":true}]}}