{"id":84272,"date":"2021-02-20T04:38:04","date_gmt":"2021-02-20T04:38:04","guid":{"rendered":"https:\/\/dimensionturistica.com\/es\/?p=84272"},"modified":"2021-02-20T04:38:04","modified_gmt":"2021-02-20T04:38:04","slug":"vivir-la-experiencia-marte-recorriendo-timanfaya","status":"publish","type":"post","link":"https:\/\/dimensionturistica.com\/es\/vivir-la-experiencia-marte-recorriendo-timanfaya\/","title":{"rendered":"Vivir la experiencia &#8216;Marte&#8217; recorriendo Timanfaya"},"content":{"rendered":"<p> <br \/>\n<\/p>\n<div>\n<p>                <span itemprop=\"articleBody\"><\/p>\n<p><strong><img decoding=\"async\" itemprop=\"image\" src=\"https:\/\/www.lancelotdigital.com\/images\/2021\/02\/MARTE.jpg\"\/><\/strong><\/p>\n<p>&#13;<\/p>\n<p><strong>La Federaci\u00f3n Tur\u00edstica de Lanzarote ha mostrado su satisfacci\u00f3n por la denominaci\u00f3n de Timanfaya por parte de la Nasa de una zona en Marte<\/strong><\/p>\n<p>&#13;<br \/>\n&#13;<br \/>\n &#13;<\/p>\n<p>\u00a0<\/p>\n<p>&#13;<\/p>\n<li class=\"texto\"><i class=\"fa fa-file-text-o\"\/>Lancelot Digital<\/li>\n<p>&#13;<\/p>\n<p>\u00a0<\/p>\n<p>&#13;<\/p>\n<p>Descubrir marte, visitando la isla de los volcanes y sus Monta\u00f1as del Fuego, es la propuesta de la Federaci\u00f3n Tur\u00edstica de Lanzarote que lanza esta propuesta a las agencias de viajes y touroperadores.<\/p>\n<p>&#13;<\/p>\n<p>\u00a0<\/p>\n<p>&#13;<\/p>\n<p>La FTL se ha congratulado de la denominaci\u00f3n de Timanfaya a la zona de Marte donde ha aterrizado el robotic ge\u00f3logo &#8216;Perseverance&#8217;, que explora la vida microbiana en el cuarto planeta de nuestro sistema photo voltaic.<\/p>\n<p>&#13;<\/p>\n<p>\u00a0<\/p>\n<p>&#13;<\/p>\n<p>Seg\u00fan la patronal, este hecho se transforma en un elemento diferenciador muy importante para la promoci\u00f3n de Timanfaya, y en consecuencia de Lanzarote, como destino de viajeros descubridores de nuevas experiencias, amantes del universo, y deseosos de retomar los desplazamientos, en cuanto vuelva a la normalidad la conectividad a\u00e9rea.<\/p>\n<p>&#13;<\/p>\n<p>\u00a0<\/p>\n<p>&#13;<\/p>\n<p>&#8220;Sin duda esta denominaci\u00f3n supone un aliciente m\u00e1s para el sector y abre una l\u00ednea promocional que nuevamente pone en valor al Parque Nacional de\u00a0 Timanfaya por su extraordinario paisaje lunar, su singularidad y ahora su nombramiento como un espacio en Marte&#8221;, se\u00f1ala la presidenta\u00a0 de la Federaci\u00f3n.<\/p>\n<p>&#13;<\/p>\n<p>\u00a0<\/p>\n<p>&#13;<\/p>\n<p>Desde la Federaci\u00f3n Tur\u00edstica de Lanzarote se quiere animar a las agencias de viajes y turoperadores a apostar por esta nueva l\u00ednea de promoci\u00f3n para la isla y poner en marcha una nueva experiencia que acerque a los turistas a conocer Timanfaya, con una nueva motivaci\u00f3n de viaje, preparando junto con el destino, TurismoLanzarote y Centros Tur\u00edsticos, nuevas campa\u00f1as de captaci\u00f3n junto con el sector tur\u00edstico.<\/p>\n<p>                    <\/span><\/p><\/div>\n<p><script src=\"https:\/\/connect.facebook.net\/es_ES\/all.js#xfbml=1\" type=\"text\/javascript\"><\/script><script type=\"text\/javascript\">\n\/\/<![CDATA[\n   \twindow.fbAsyncInit = function() {\n\t\tFB.init({ appId: '171342606239806', \n\t\t\tstatus: true, \n\t\t\tcookie: true,\n\t\t\txfbml: true,\n\t\t\toauth: true\n\t\t});\n   \t\t    \n\t  \t\t};\n    \/\/      \n    jQuery(window).load(function() {\n    \t(function(){\n    \t\tif(!document.getElementById('fb-root')) {\n    \t\t\tvar root = document.createElement('div');\n    \t\t\troot.id = 'fb-root';\n    \t\t\tdocument.getElementById('gkfb-root').appendChild(root);\n    \t\t\tvar e = document.createElement('script');\n    \t\t\te.src = document.location.protocol + '\/\/connect.facebook.net\/es_ES\/all.js';\n    \t\t\te.async = true;\n    \t\t\tdocument.getElementById('fb-root').appendChild(e);\n    \t\t}  \n    \t})();\n    });\n    \/\/]]>\n<\/script><br \/>\n<br \/><\/p>\n<p><em> &#8221; Fuentes www.lancelotdigital.com &#8221; <\/em><\/p>\n","protected":false},"excerpt":{"rendered":"<p>&#13; La Federaci\u00f3n Tur\u00edstica de Lanzarote ha mostrado su satisfacci\u00f3n por la denominaci\u00f3n de Timanfaya por parte de la Nasa de una zona en Marte &#13; &#13; &#13; \u00a0 &#13; Lancelot Digital &#13; \u00a0 &#13; Descubrir marte, visitando la isla de los volcanes y sus Monta\u00f1as del Fuego, es la propuesta de la Federaci\u00f3n Tur\u00edstica [&hellip;]<\/p>\n","protected":false},"author":4,"featured_media":84273,"comment_status":"open","ping_status":"closed","sticky":false,"template":"","format":"standard","meta":{"om_disable_all_campaigns":false,"jnews-multi-image_gallery":[],"jnews_single_post":[],"jnews_primary_category":[],"jnews_social_meta":[],"footnotes":""},"categories":[40],"tags":[946],"class_list":["post-84272","post","type-post","status-publish","format-standard","has-post-thumbnail","hentry","category-industria","tag-lancelot-digital-noticias-lanzarote-diario-digital-periodico-canarias-sucesos-deportes-cultura-vida-social-opinion-semanario-revista"],"_links":{"self":[{"href":"https:\/\/dimensionturistica.com\/es\/wp-json\/wp\/v2\/posts\/84272","targetHints":{"allow":["GET"]}}],"collection":[{"href":"https:\/\/dimensionturistica.com\/es\/wp-json\/wp\/v2\/posts"}],"about":[{"href":"https:\/\/dimensionturistica.com\/es\/wp-json\/wp\/v2\/types\/post"}],"author":[{"embeddable":true,"href":"https:\/\/dimensionturistica.com\/es\/wp-json\/wp\/v2\/users\/4"}],"replies":[{"embeddable":true,"href":"https:\/\/dimensionturistica.com\/es\/wp-json\/wp\/v2\/comments?post=84272"}],"version-history":[{"count":0,"href":"https:\/\/dimensionturistica.com\/es\/wp-json\/wp\/v2\/posts\/84272\/revisions"}],"wp:featuredmedia":[{"embeddable":true,"href":"https:\/\/dimensionturistica.com\/es\/wp-json\/wp\/v2\/media\/84273"}],"wp:attachment":[{"href":"https:\/\/dimensionturistica.com\/es\/wp-json\/wp\/v2\/media?parent=84272"}],"wp:term":[{"taxonomy":"category","embeddable":true,"href":"https:\/\/dimensionturistica.com\/es\/wp-json\/wp\/v2\/categories?post=84272"},{"taxonomy":"post_tag","embeddable":true,"href":"https:\/\/dimensionturistica.com\/es\/wp-json\/wp\/v2\/tags?post=84272"}],"curies":[{"name":"wp","href":"https:\/\/api.w.org\/{rel}","templated":true}]}}