{"id":841843,"date":"2024-08-13T15:24:31","date_gmt":"2024-08-13T15:24:31","guid":{"rendered":"https:\/\/dimensionturistica.com\/es\/?p=841843"},"modified":"2024-08-13T15:24:31","modified_gmt":"2024-08-13T15:24:31","slug":"programa-55-y-mas-favorece-a-462-extremenos-con-viajes-del-sepad","status":"publish","type":"post","link":"https:\/\/dimensionturistica.com\/es\/programa-55-y-mas-favorece-a-462-extremenos-con-viajes-del-sepad\/","title":{"rendered":"Programa &#8217;55 y M\u00e1s&#8217; Favorece a 462 Extreme\u00f1os con Viajes del SEPAD"},"content":{"rendered":"<p><strong>Descubre la magia de viajar a los 55 y m\u00e1s: Una ventana a la aventura sin l\u00edmite de edad<\/strong><\/p>\n<p>La idea de viajar y descubrir nuevos destinos no entiende de edades. Sin embargo, es com\u00fan que, a medida que avanzamos en a\u00f1os, surjan dudas sobre si a\u00fan es el momento adecuado para embarcarnos en nuevas aventuras. La respuesta es un rotundo s\u00ed, y existe un programa que lo demuestra ampliamente, el cual ha sido dise\u00f1ado pensando precisamente en aquellos valientes viajeros que han cumplido 55 a\u00f1os o m\u00e1s.<\/p>\n<p>Este programa no es solo una invitaci\u00f3n a viajar, sino una puerta abierta a la experiencia, la diversi\u00f3n y el conocimiento, ajust\u00e1ndose a las necesidades, gustos e intereses de los viajeros senior. Ya sea por la paz de un tranquilo pueblo, el encanto cultural de las ciudades m\u00e1s vibrantes o la belleza natural de monta\u00f1as y costas, este programa ofrece opciones para todos.<\/p>\n<p>Y es que, en efecto, las cifras hablan por s\u00ed solas. En su \u00faltima edici\u00f3n, m\u00e1s de 19,000 personas pudieron disfrutar de estas oportunidades, participando en viajes que no solo les permitieron conocer nuevos destinos, sino tambi\u00e9n disfrutar de actividades especialmente pensadas para ellos. Estos viajes se expandieron por toda la geograf\u00eda, desde tierras con profunda historia hasta rincones donde la naturaleza es la protagonista indiscutible, ofreciendo siempre eso que hace \u00fanica a cada aventura: la posibilidad de vivir experiencias inolvidables.<\/p>\n<p>Uno de los aspectos m\u00e1s destacables de este programa es su compromiso con la inclusi\u00f3n y la accesibilidad, garantizando que el disfrute de viajar est\u00e9 al alcance de todos. Adem\u00e1s, se presta especial atenci\u00f3n a la creaci\u00f3n de un ambiente seguro y confortable, donde cada participante pueda sentirse cuidado y acompa\u00f1ado a lo largo del viaje.<\/p>\n<p>Otro punto a favor es su impacto positivo tanto en los viajeros como en los destinos visitados. Al estimular el turismo en la temporada baja, no solo se contribuye a la dinamizaci\u00f3n de la econom\u00eda local, sino que tambi\u00e9n se promueve una experiencia m\u00e1s aut\u00e9ntica y placentera, lejos de las multitudes que caracterizan los picos tur\u00edsticos. Esta simbiosis entre viajero y destino enriquece la experiencia, permitiendo un intercambio cultural m\u00e1s profundo y genuino.<\/p>\n<p>Los organizadores del programa destacan que la esencia del mismo radica en la posibilidad de tejer lazos, compartir historias y, en \u00faltima instancia, enriquecer la vida de los participantes. La satisfacci\u00f3n y las sonrisas de quienes regresan de estos viajes son, sin duda, el mejor testimonio del \u00e9xito de la iniciativa.<\/p>\n<p>Si bien pensado para un p\u00fablico senior, este programa trasciende las edades al redefinir el concepto de viajar: no es solo moverse de un punto a otro, sino abrazar cada momento, cada paisaje y cada persona que encontramos en el camino. Es un recordatorio de que la pasi\u00f3n por descubrir no tiene fecha de caducidad.<\/p>\n<p>As\u00ed que, para aquellos a quienes los a\u00f1os les han brindado la sabidur\u00eda pero no han mermado el \u00edmpetu aventurero, aqu\u00ed hay una invitaci\u00f3n abierta a empacar sus maletas y dejar que el coraz\u00f3n gu\u00ede el camino. Los viajes son una fuente inagotable de juventud, y nunca es tarde para sumergirse en nuevas experiencias. La vida est\u00e1 llena de sorpresas y, como demuestra este programa, el mundo espera con los brazos abiertos a quienes est\u00e1n dispuestos a explorarlo, sin importar su edad.<\/p>\n<p><em> &#8221; Sources regiondigital.com &#8221; <\/em><\/p>\n<p><em> &#8221; Fuentes regiondigital.com &#8221; <\/em><\/p>\n","protected":false},"excerpt":{"rendered":"<p>Descubre la magia de viajar a los 55 y m\u00e1s: Una ventana a la aventura sin l\u00edmite de edad La idea de viajar y descubrir nuevos destinos no entiende de edades. Sin embargo, es com\u00fan que, a medida que avanzamos en a\u00f1os, surjan dudas sobre si a\u00fan es el momento adecuado para embarcarnos en nuevas [&hellip;]<\/p>\n","protected":false},"author":4,"featured_media":841844,"comment_status":"open","ping_status":"closed","sticky":false,"template":"","format":"standard","meta":{"om_disable_all_campaigns":false,"jnews-multi-image_gallery":[],"jnews_single_post":[],"jnews_primary_category":[],"jnews_social_meta":[],"footnotes":""},"categories":[39],"tags":[145413,6558,184883,14210,17413,184882,3206,56873,48289,2820,1819,21943,3494,7581,6184,184881,152433,17466,545],"class_list":["post-841843","post","type-post","status-publish","format-standard","has-post-thumbnail","hentry","category-viajes","tag-55-y-mas","tag-apoyo","tag-asistenciales","tag-autonomia","tag-balance","tag-coordinadora","tag-diez","tag-extremenos","tag-olivia","tag-presenta","tag-programa","tag-programa-de-viajes","tag-programas","tag-promocion","tag-recursos","tag-rivero","tag-sepad","tag-tecnica","tag-viajes"],"_links":{"self":[{"href":"https:\/\/dimensionturistica.com\/es\/wp-json\/wp\/v2\/posts\/841843","targetHints":{"allow":["GET"]}}],"collection":[{"href":"https:\/\/dimensionturistica.com\/es\/wp-json\/wp\/v2\/posts"}],"about":[{"href":"https:\/\/dimensionturistica.com\/es\/wp-json\/wp\/v2\/types\/post"}],"author":[{"embeddable":true,"href":"https:\/\/dimensionturistica.com\/es\/wp-json\/wp\/v2\/users\/4"}],"replies":[{"embeddable":true,"href":"https:\/\/dimensionturistica.com\/es\/wp-json\/wp\/v2\/comments?post=841843"}],"version-history":[{"count":0,"href":"https:\/\/dimensionturistica.com\/es\/wp-json\/wp\/v2\/posts\/841843\/revisions"}],"wp:featuredmedia":[{"embeddable":true,"href":"https:\/\/dimensionturistica.com\/es\/wp-json\/wp\/v2\/media\/841844"}],"wp:attachment":[{"href":"https:\/\/dimensionturistica.com\/es\/wp-json\/wp\/v2\/media?parent=841843"}],"wp:term":[{"taxonomy":"category","embeddable":true,"href":"https:\/\/dimensionturistica.com\/es\/wp-json\/wp\/v2\/categories?post=841843"},{"taxonomy":"post_tag","embeddable":true,"href":"https:\/\/dimensionturistica.com\/es\/wp-json\/wp\/v2\/tags?post=841843"}],"curies":[{"name":"wp","href":"https:\/\/api.w.org\/{rel}","templated":true}]}}