{"id":841811,"date":"2024-08-13T14:34:41","date_gmt":"2024-08-13T14:34:41","guid":{"rendered":"https:\/\/dimensionturistica.com\/es\/?p=841811"},"modified":"2024-08-13T14:34:41","modified_gmt":"2024-08-13T14:34:41","slug":"462-ciudadanos-extremenos-aprovecharon-el-plan-55-y-mas-para-viajes-del-sepad","status":"publish","type":"post","link":"https:\/\/dimensionturistica.com\/es\/462-ciudadanos-extremenos-aprovecharon-el-plan-55-y-mas-para-viajes-del-sepad\/","title":{"rendered":"462 ciudadanos extreme\u00f1os aprovecharon el plan &#8217;55 y m\u00e1s&#8217; para viajes del SEPAD"},"content":{"rendered":"<p>Turismo sin L\u00edmite de Edad: El \u00c9xito de Una Iniciativa \u00danica en Extremadura<\/p>\n<p>En Extremadura, una comunidad aut\u00f3noma situada al oeste de Espa\u00f1a, un programa de turismo innovador est\u00e1 cambiando la percepci\u00f3n de los viajes para las personas mayores. El proyecto, destinado a ciudadanos de 55 a\u00f1os en adelante, ha demostrado ser un rotundo \u00e9xito, beneficiando a m\u00e1s de 460 individuos hasta la fecha.<\/p>\n<p>Esta iniciativa, pionera en su g\u00e9nero, no solo busca fomentar el turismo dentro de la comunidad, sino que tambi\u00e9n tiene un fuerte componente social. Al ofrecer precios asequibles y actividades pensadas especialmente para el colectivo senior, el programa promueve la inclusi\u00f3n, el bienestar y la activaci\u00f3n de este segmento de la poblaci\u00f3n, que con frecuencia es pasado por alto en las ofertas tur\u00edsticas tradicionales.<\/p>\n<p>Los beneficiarios del programa han tenido la oportunidad de descubrir o redescubrir los encantos de Extremadura, desde sus ciudades hist\u00f3ricas hasta sus paisajes naturales, pasando por la rica gastronom\u00eda y la cultura aut\u00f3ctona. Viajes que no solo representan una escapada de la rutina, sino tambi\u00e9n un est\u00edmulo mental y emocional, propiciando encuentros y vivencias que enriquecen la vida.<\/p>\n<p>Una de las claves del \u00e9xito de esta iniciativa es su modelo de inclusi\u00f3n, que asegura accesibilidad para todos, independientemente de su condici\u00f3n f\u00edsica. Adem\u00e1s, se ha prestado especial atenci\u00f3n a la calidad y la seguridad, garantizando experiencias de viaje que cumplen con las expectativas y las necesidades de este grupo etario.<\/p>\n<p>Este programa se alinea con los esfuerzos m\u00e1s amplios de Extremadura por posicionarse como un destino tur\u00edstico inclusivo y diverso, capaz de ofrecer experiencias \u00fanicas a visitantes de todas las edades. Adem\u00e1s, contribuye al desarrollo econ\u00f3mico de la regi\u00f3n, al impulsar la demanda en sectores como la hosteler\u00eda, la restauraci\u00f3n y el transporte.<\/p>\n<p>La entusiasta acogida de esta iniciativa sugiere un futuro prometedor, no solo para el turismo en Extremadura, sino tambi\u00e9n para la concepci\u00f3n de programas similares en otras regiones. Al centrarse en un segmento de la poblaci\u00f3n que a menudo se siente marginado por la industria del turismo, Extremadura est\u00e1 estableciendo un precedente importante en la creaci\u00f3n de oportunidades de viaje m\u00e1s igualitarias y disfrutables para todos.<\/p>\n<p>Este programa es un claro ejemplo de c\u00f3mo el turismo puede ser un veh\u00edculo de inclusi\u00f3n social y econ\u00f3mica, demostrando que nunca es tarde para explorar nuevos destinos y vivir nuevas aventuras. A medida que avanza, esperamos ver c\u00f3mo este programa contin\u00faa evolucionando y c\u00f3mo su \u00e9xito inspira a otras comunidades a seguir su ejemplo, haciendo del turismo una experiencia accesible y enriquecedora para todos, sin importar su edad.<\/p>\n<p><em> &#8221; Sources www.regiondigital.com &#8221; <\/em><\/p>\n<p><em> &#8221; Fuentes www.regiondigital.com &#8221; <\/em><\/p>\n","protected":false},"excerpt":{"rendered":"<p>Turismo sin L\u00edmite de Edad: El \u00c9xito de Una Iniciativa \u00danica en Extremadura En Extremadura, una comunidad aut\u00f3noma situada al oeste de Espa\u00f1a, un programa de turismo innovador est\u00e1 cambiando la percepci\u00f3n de los viajes para las personas mayores. El proyecto, destinado a ciudadanos de 55 a\u00f1os en adelante, ha demostrado ser un rotundo \u00e9xito, [&hellip;]<\/p>\n","protected":false},"author":4,"featured_media":841812,"comment_status":"open","ping_status":"closed","sticky":false,"template":"","format":"standard","meta":{"om_disable_all_campaigns":false,"jnews-multi-image_gallery":[],"jnews_single_post":[],"jnews_primary_category":[],"jnews_social_meta":[],"footnotes":""},"categories":[39],"tags":[184885,6558,184883,14210,17413,1793,184882,3206,56873,48289,2820,1819,184884,3494,7581,6184,184881,152433,17466,545],"class_list":["post-841811","post","type-post","status-publish","format-standard","has-post-thumbnail","hentry","category-viajes","tag-462-participantes","tag-apoyo","tag-asistenciales","tag-autonomia","tag-balance","tag-beneficios","tag-coordinadora","tag-diez","tag-extremenos","tag-olivia","tag-presenta","tag-programa","tag-programa-de-viajes-55-y-mas","tag-programas","tag-promocion","tag-recursos","tag-rivero","tag-sepad","tag-tecnica","tag-viajes"],"_links":{"self":[{"href":"https:\/\/dimensionturistica.com\/es\/wp-json\/wp\/v2\/posts\/841811","targetHints":{"allow":["GET"]}}],"collection":[{"href":"https:\/\/dimensionturistica.com\/es\/wp-json\/wp\/v2\/posts"}],"about":[{"href":"https:\/\/dimensionturistica.com\/es\/wp-json\/wp\/v2\/types\/post"}],"author":[{"embeddable":true,"href":"https:\/\/dimensionturistica.com\/es\/wp-json\/wp\/v2\/users\/4"}],"replies":[{"embeddable":true,"href":"https:\/\/dimensionturistica.com\/es\/wp-json\/wp\/v2\/comments?post=841811"}],"version-history":[{"count":0,"href":"https:\/\/dimensionturistica.com\/es\/wp-json\/wp\/v2\/posts\/841811\/revisions"}],"wp:featuredmedia":[{"embeddable":true,"href":"https:\/\/dimensionturistica.com\/es\/wp-json\/wp\/v2\/media\/841812"}],"wp:attachment":[{"href":"https:\/\/dimensionturistica.com\/es\/wp-json\/wp\/v2\/media?parent=841811"}],"wp:term":[{"taxonomy":"category","embeddable":true,"href":"https:\/\/dimensionturistica.com\/es\/wp-json\/wp\/v2\/categories?post=841811"},{"taxonomy":"post_tag","embeddable":true,"href":"https:\/\/dimensionturistica.com\/es\/wp-json\/wp\/v2\/tags?post=841811"}],"curies":[{"name":"wp","href":"https:\/\/api.w.org\/{rel}","templated":true}]}}