{"id":841783,"date":"2024-08-13T13:19:26","date_gmt":"2024-08-13T13:19:26","guid":{"rendered":"https:\/\/dimensionturistica.com\/es\/?p=841783"},"modified":"2024-08-13T13:19:26","modified_gmt":"2024-08-13T13:19:26","slug":"programa-55-y-mas-beneficia-a-462-extremenos-con-oportunidades-de-viaje","status":"publish","type":"post","link":"https:\/\/dimensionturistica.com\/es\/programa-55-y-mas-beneficia-a-462-extremenos-con-oportunidades-de-viaje\/","title":{"rendered":"Programa &#8217;55 y M\u00e1s&#8217; Beneficia a 462 Extreme\u00f1os con Oportunidades de Viaje"},"content":{"rendered":"<p><strong>Explora lo Inexplorado: Un Viaje Inolvidable a Extremadura<\/strong><\/p>\n<p>Extremadura, esa joya escondida del turismo espa\u00f1ol, ofrece un paisaje que cautiva y una historia que invita a ser descubierta por aquellos ansiosos de aventuras fuera de los circuitos habituales. Esta regi\u00f3n, ba\u00f1ada por la luz solar y salpicada de sitios patrimoniales, es el destino prometido para viajeros que buscan sumergirse en una experiencia cultural aut\u00e9ntica y paisajes inigualables.<\/p>\n<p>En el coraz\u00f3n de Espa\u00f1a, Extremadura despliega un tapiz de experiencias que invitan al visitante a recorrer caminos menos transitados. Aqu\u00ed, podemos encontrar desde ciudades repletas de historia hasta paisajes naturales que quitan el aliento. Pero, \u00bfqu\u00e9 hace de Extremadura un destino tan especial?<\/p>\n<p><strong>La Fusi\u00f3n Perfecta entre Historia y Naturaleza<\/strong><\/p>\n<p>Extremadura es el sue\u00f1o de cualquier aficionado a la historia. Lugares como M\u00e9rida, con su impresionante Teatro Romano, y C\u00e1ceres, cuyo casco antiguo parece un escenario sacado directamente de una novela hist\u00f3rica, son solo el comienzo. Adem\u00e1s, suzos de cultura se extienden por toda la regi\u00f3n, incluyendo monasterios, castillos y pinturas rupestres que nos hablan de un pasado fascinante y diverso.<\/p>\n<p>La naturaleza no se queda atr\u00e1s. Parques naturales, reservas de la biosfera y espacios protegidos ofrecen un refugio para aquellos que buscan desconectar y respirar aire puro. Senderismo, avistamiento de aves y actividades al aire libre son solo algunas de las maneras de explorar estos paisajes v\u00edrgenes.<\/p>\n<p><strong>Gastronom\u00eda: Un Viaje Sensorial<\/strong><\/p>\n<p>Extremadura no solo se explora con los ojos y el coraz\u00f3n, sino tambi\u00e9n con el paladar. La gastronom\u00eda extrema\u00f1a es un reflejo de su cultura: aut\u00e9ntica, robusta y llena de sabor. Platos como el jam\u00f3n ib\u00e9rico de bellota, la torta del Casar y el piment\u00f3n de La Vera son embajadores de una cocina que combina lo tradicional con lo innovador. Visitar Extremadura es, sin duda, una invitaci\u00f3n a sentarse a la mesa y disfrutar sin prisas de cada bocado.<\/p>\n<p><strong>Un Destino para Todos<\/strong><\/p>\n<p>Lo que hace de Extremadura un destino tan especial es su capacidad de hablar a diferentes viajeros. Familias, parejas, aventureros solitarios o grupos de amigos encontrar\u00e1n en Extremadura un lugar acogedor y emocionante a la vez. Desde festivales que celebran la cultura local hasta rutas de senderismo que atraviesan paisajes de ensue\u00f1o, la regi\u00f3n ofrece una amplia gama de actividades para satisfacer los gustos m\u00e1s variados.<\/p>\n<p><strong>La Invitaci\u00f3n est\u00e1 Hecha<\/strong><\/p>\n<p>Visitantes que desean alejarse de los itinerarios tur\u00edsticos saturados y buscan una experiencia m\u00e1s aut\u00e9ntica y personal encontrar\u00e1n en Extremadura el escenario perfecto. Esta regi\u00f3n no solo promete la belleza de sus paisajes y la riqueza de su historia, sino tambi\u00e9n la calidez de su gente, que recibe a cada visitante como si fuera un amigo de toda la vida.<\/p>\n<p>Extremadura espera, lista para ser descubierta y amada por aquellos que desean escribir una nueva p\u00e1gina en su libro de aventuras. \u00bfTe animas a ser uno de ellos?<\/p>\n<p><em> &#8221; Sources www.juntaex.es &#8221; <\/em><\/p>\n<p><em> &#8221; Fuentes www.juntaex.es &#8221; <\/em><\/p>\n","protected":false},"excerpt":{"rendered":"<p>Explora lo Inexplorado: Un Viaje Inolvidable a Extremadura Extremadura, esa joya escondida del turismo espa\u00f1ol, ofrece un paisaje que cautiva y una historia que invita a ser descubierta por aquellos ansiosos de aventuras fuera de los circuitos habituales. Esta regi\u00f3n, ba\u00f1ada por la luz solar y salpicada de sitios patrimoniales, es el destino prometido para [&hellip;]<\/p>\n","protected":false},"author":4,"featured_media":0,"comment_status":"open","ping_status":"closed","sticky":false,"template":"","format":"standard","meta":{"om_disable_all_campaigns":false,"jnews-multi-image_gallery":[],"jnews_single_post":[],"jnews_primary_category":[],"jnews_social_meta":[],"footnotes":""},"categories":[39],"tags":[707,49685,152432,6180,12976,879,66348,184872,152433,545],"class_list":["post-841783","post","type-post","status-publish","format-standard","hentry","category-viajes","tag-actualidad","tag-beneficiarios","tag-consejeria-de-salud-y-servicios-sociales","tag-extremadura","tag-junta-de-extremadura","tag-noticia","tag-personas-mayores","tag-programa-55-y-mas","tag-sepad","tag-viajes"],"_links":{"self":[{"href":"https:\/\/dimensionturistica.com\/es\/wp-json\/wp\/v2\/posts\/841783","targetHints":{"allow":["GET"]}}],"collection":[{"href":"https:\/\/dimensionturistica.com\/es\/wp-json\/wp\/v2\/posts"}],"about":[{"href":"https:\/\/dimensionturistica.com\/es\/wp-json\/wp\/v2\/types\/post"}],"author":[{"embeddable":true,"href":"https:\/\/dimensionturistica.com\/es\/wp-json\/wp\/v2\/users\/4"}],"replies":[{"embeddable":true,"href":"https:\/\/dimensionturistica.com\/es\/wp-json\/wp\/v2\/comments?post=841783"}],"version-history":[{"count":0,"href":"https:\/\/dimensionturistica.com\/es\/wp-json\/wp\/v2\/posts\/841783\/revisions"}],"wp:attachment":[{"href":"https:\/\/dimensionturistica.com\/es\/wp-json\/wp\/v2\/media?parent=841783"}],"wp:term":[{"taxonomy":"category","embeddable":true,"href":"https:\/\/dimensionturistica.com\/es\/wp-json\/wp\/v2\/categories?post=841783"},{"taxonomy":"post_tag","embeddable":true,"href":"https:\/\/dimensionturistica.com\/es\/wp-json\/wp\/v2\/tags?post=841783"}],"curies":[{"name":"wp","href":"https:\/\/api.w.org\/{rel}","templated":true}]}}